{"id":12407,"date":"2022-09-08T15:38:54","date_gmt":"2022-09-08T18:38:54","guid":{"rendered":"http:\/\/dgospel.com.br\/portal\/?p=12407"},"modified":"2022-09-08T15:38:56","modified_gmt":"2022-09-08T18:38:56","slug":"ex-ministro-do-stf-diz-que-nao-ve-crime-eleitoral-de-bolsonaro-no-7-de-setembro","status":"publish","type":"post","link":"https:\/\/dgospel.com.br\/portal\/index.php\/2022\/09\/08\/ex-ministro-do-stf-diz-que-nao-ve-crime-eleitoral-de-bolsonaro-no-7-de-setembro\/","title":{"rendered":"Ex-ministro do STF diz que n\u00e3o v\u00ea crime eleitoral de Bolsonaro no 7 de Setembro"},"content":{"rendered":"\n<p>Francisco Rezek, ex-ministro do Supremo Tribunal Federal (STF), disse que o presidente Jair Bolsonaro (PL) n\u00e3o cometeu crime eleitoral nos atos de 7 de Setembro realizados em Bras\u00edlia e no Rio de Janeiro, na quarta-feira (7). Durante participa\u00e7\u00e3o no UOL Entrevista, Rezek afirmou que o chefe do Executivo sequer insultou algu\u00e9m.<\/p>\n\n\n\n<p>\u2013 Ele n\u00e3o dirigiu insultos a ningu\u00e9m \u2013 falou.<\/p>\n\n\n\n<p>Na avalia\u00e7\u00e3o dele, o comportamento de Bolsonaro nas celebra\u00e7\u00f5es do Bicenten\u00e1rio da Independ\u00eancia do Brasil est\u00e3o em total acordo com toda sua hist\u00f3ria e trajet\u00f3ria pol\u00edtica. As informa\u00e7\u00f5es s\u00e3o do UOL.<\/p>\n\n\n\n<p>\u2013 O que vi ontem foi Jair Bolsonaro como ele sempre foi, como sempre se apresentou \u00e0 sociedade brasileira e ao povo brasileiro. Foi com esse estilo, esse discurso e essa postura que ele fez a sua campanha. Foi com tudo isso que ele se elegeu presidente da Rep\u00fablica. Ele manteve esse discurso ao longo de todo o tempo. N\u00e3o vi nada de novo e nada que pudesse surpreender quem quer que seja \u2013 afirmou.<\/p>\n\n\n\n<p>\u2013 O direito permite interpreta\u00e7\u00f5es de alguma flexibilidade. Onde alguns viram um pedido de voto quando ele diz \u201cat\u00e9 a vit\u00f3ria, at\u00e9 o dia 2 de outubro\u2019, voc\u00ea poderia tamb\u00e9m ver algo diferente de um pedido de votos. Tudo \u00e9 uma quest\u00e3o de interpreta\u00e7\u00e3o e de saber como o Tribunal Superior Eleitoral vai entender isso \u2013 disse ainda.<\/p>\n\n\n\n<p>Ele defendeu ainda que por ser o atual presidente da Rep\u00fablica, Bolsonaro est\u00e1 em uma posi\u00e7\u00e3o privilegiada em rela\u00e7\u00e3o aos concorrentes.<\/p>\n\n\n\n<figure class=\"wp-block-embed is-type-video is-provider-youtube wp-block-embed-youtube wp-embed-aspect-16-9 wp-has-aspect-ratio\"><div class=\"wp-block-embed__wrapper\">\n<iframe loading=\"lazy\" title=\"Ex-STF, Rezek n\u00e3o v\u00ea crime eleitoral de Bolsonaro em 7\/9: &#039;N\u00e3o ofendeu ningu\u00e9m&#039;\" width=\"630\" height=\"354\" src=\"https:\/\/www.youtube.com\/embed\/1BUf74V43pU?feature=oembed\" frameborder=\"0\" allow=\"accelerometer; autoplay; clipboard-write; encrypted-media; gyroscope; picture-in-picture\" allowfullscreen><\/iframe>\n<\/div><\/figure>\n","protected":false},"excerpt":{"rendered":"<p>Francisco Rezek, ex-ministro do Supremo Tribunal Federal (STF), disse que o presidente Jair Bolsonaro (PL) n\u00e3o cometeu crime eleitoral nos atos de 7 de Setembro realizados em Bras\u00edlia e no Rio de Janeiro, na quarta-feira (7). Durante participa\u00e7\u00e3o no UOL Entrevista, Rezek afirmou que o chefe do Executivo sequer insultou algu\u00e9m. \u2013 Ele n\u00e3o dirigiu [&hellip;]<\/p>\n","protected":false},"author":2,"featured_media":12408,"comment_status":"open","ping_status":"open","sticky":false,"template":"","format":"standard","meta":[],"categories":[10],"tags":[13],"_links":{"self":[{"href":"https:\/\/dgospel.com.br\/portal\/index.php\/wp-json\/wp\/v2\/posts\/12407"}],"collection":[{"href":"https:\/\/dgospel.com.br\/portal\/index.php\/wp-json\/wp\/v2\/posts"}],"about":[{"href":"https:\/\/dgospel.com.br\/portal\/index.php\/wp-json\/wp\/v2\/types\/post"}],"author":[{"embeddable":true,"href":"https:\/\/dgospel.com.br\/portal\/index.php\/wp-json\/wp\/v2\/users\/2"}],"replies":[{"embeddable":true,"href":"https:\/\/dgospel.com.br\/portal\/index.php\/wp-json\/wp\/v2\/comments?post=12407"}],"version-history":[{"count":1,"href":"https:\/\/dgospel.com.br\/portal\/index.php\/wp-json\/wp\/v2\/posts\/12407\/revisions"}],"predecessor-version":[{"id":12409,"href":"https:\/\/dgospel.com.br\/portal\/index.php\/wp-json\/wp\/v2\/posts\/12407\/revisions\/12409"}],"wp:featuredmedia":[{"embeddable":true,"href":"https:\/\/dgospel.com.br\/portal\/index.php\/wp-json\/wp\/v2\/media\/12408"}],"wp:attachment":[{"href":"https:\/\/dgospel.com.br\/portal\/index.php\/wp-json\/wp\/v2\/media?parent=12407"}],"wp:term":[{"taxonomy":"category","embeddable":true,"href":"https:\/\/dgospel.com.br\/portal\/index.php\/wp-json\/wp\/v2\/categories?post=12407"},{"taxonomy":"post_tag","embeddable":true,"href":"https:\/\/dgospel.com.br\/portal\/index.php\/wp-json\/wp\/v2\/tags?post=12407"}],"curies":[{"name":"wp","href":"https:\/\/api.w.org\/{rel}","templated":true}]}}