{"id":1241,"date":"2018-09-06T14:49:23","date_gmt":"2018-09-06T17:49:23","guid":{"rendered":"http:\/\/dgospel.com.br\/portal\/?p=1241"},"modified":"2018-09-06T14:49:23","modified_gmt":"2018-09-06T17:49:23","slug":"resultado-do-ideb-aponta-o-caic-como-a-melhor-unidade-de-ensino-da-rede-estadual-em-palmas","status":"publish","type":"post","link":"https:\/\/dgospel.com.br\/portal\/index.php\/2018\/09\/06\/resultado-do-ideb-aponta-o-caic-como-a-melhor-unidade-de-ensino-da-rede-estadual-em-palmas\/","title":{"rendered":"Resultado do Ideb aponta o Caic como a melhor unidade de ensino da rede estadual em Palmas"},"content":{"rendered":"<p>O Centro de Aten\u00e7\u00e3o \u00e0 Crian\u00e7a Girassol de Tempo Integral, a Escola Caic de Palmas, conseguiu mais um destaque. Desta vez foi uma das escolas da rede estadual que obteve uma das maiores pontua\u00e7\u00f5es no \u00cdndice de Desenvolvimento da Educa\u00e7\u00e3o B\u00e1sica (Ideb). A escola tinha a meta de 6.1 e alcan\u00e7ou 7.7, no 5\u00ba ano do ensino fundamental, superando a meta determinada para a rede estadual que \u00e9 de 5.3 e a meta nacional que \u00e9 5.6.<\/p>\n<p>A diretora da escola, Marisa Aparecida Alves dos Santos, contou que este \u00e9 um resultado j\u00e1 esperado pela din\u00e2mica de trabalho que vem acontecendo na unidade de ensino h\u00e1 alguns anos. S\u00e3o a\u00e7\u00f5es que est\u00e3o sendo realizadas de forma constante e com autoavalia\u00e7\u00f5es peri\u00f3dicas.<\/p>\n<p>\u201cNa nossa escola, a melhoria da qualidade do ensino come\u00e7a na portaria, com a recep\u00e7\u00e3o dos alunos, at\u00e9 a sala de aula. Cada dia h\u00e1 um professor e uma turma respons\u00e1veis por receberem os alunos e a recep\u00e7\u00e3o varia com tem\u00e1ticas como meio ambiente, folclore, artes, esportes, valoriza\u00e7\u00e3o da vida, inclus\u00e3o social e a\u00e7\u00f5es pela paz, entre outros temas\u201d, explicou Marisa.<\/p>\n<p>O Ideb mede a qualidade da aprendizagem da educa\u00e7\u00e3o brasileira. O \u00cdndice das escolas e das redes de ensino varia numa escala de zero a dez e representa um indicador nacional que possibilita o monitoramento da qualidade da educa\u00e7\u00e3o. O Ideb \u00e9 calculado tendo como base componentes como a taxa de rendimento escolar (aprova\u00e7\u00e3o) e as m\u00e9dias de desempenho nos exames aplicados pelo Instituto Nacional de Estudos e Pesquisas Educacionais An\u00edsio Teixeira (Inep). O Minist\u00e9rio da Educa\u00e7\u00e3o tra\u00e7a metas para cada uma das escolas, para os munic\u00edpios, estados e para a federa\u00e7\u00e3o.<\/p>\n<p>Mais uma vez, a diretora Marisa destaca o contato com os alunos. \u201cEles pertencem \u00e0 escola, todos s\u00e3o respons\u00e1veis pelo crescimento dos estudantes e, por isso, desenvolvemos projetos e a\u00e7\u00f5es que ajudam os alunos individualmente a superarem suas dificuldades\u201d, frisou.<\/p>\n<p>A professora de Matem\u00e1tica Alliane Rodrigues, que leciona no ensino fundamental, contou que contextualiza os conte\u00fados da disciplina com a realidade da fam\u00edlia e da comunidade. \u201cEsta semana, estamos estudando n\u00fameros decimais e para a aula pr\u00e1tica, pedimos aos alunos que tragam as listas de compras do supermercado para fazermos an\u00e1lises\u201d, disse. Como explicou a professora Alliane, os alunos podem observar os valores, descontos, porcentagens e outros assuntos.<\/p>\n<p>Nesta quarta-feira, 5, no per\u00edodo da tarde, por exemplo, a aula de Matem\u00e1tica ser\u00e1 transferida para a cantina. L\u00e1 os estudantes ir\u00e3o preparar sandu\u00edches naturais e ir\u00e3o observar temas como soma e fra\u00e7\u00e3o.<\/p>\n<p><strong>Nota 10 para os professores<\/strong><\/p>\n<p>O estudante Jhony Marques Ribeiro, 15 anos, aluno do 9\u00ba ano do ensino fundamental, contou que est\u00e1 na escola h\u00e1 nove anos. \u201cAcho o Caic uma escola maravilhosa, gosto muito de participar dos projetos porque desenvolvemos nossa responsabilidade e criatividade\u201d, afirmou.\u00a0\u00a0Jhony ressaltou o papel dos professores, que s\u00e3o atenciosos.<\/p>\n<p>Thalia Tavares, 11 anos, que estuda o 6\u00ba ano do ensino fundamental, frisou que gosta do Caic pela aten\u00e7\u00e3o que recebe dos professores. \u201cPassei por outras institui\u00e7\u00f5es de ensino, mas sinto que aqui aprendo mais. Os professores nos ajudam a desenvolver a nossa capacidade de aprender e, com isso, sentimos mais satisfeitos\u201d, ressaltou.<\/p>\n<p>O aluno Jo\u00e3o Francisco Mian Cardoso, 13 anos, do 8\u00ba ano do ensino fundamental, est\u00e1 na escola h\u00e1 dois anos. \u201cEu fui um dos alunos escolhidos para receber o Pr\u00eamio Gest\u00e3o Escolar, um ato que me deixou com orgulho da escola e s\u00e3o a\u00e7\u00f5es como essa que fazem com que nos sentimos mais valorizados.\u00a0\u00a0O Caic \u00e9 uma escola exemplar, da qual gosto muito, me senti acolhido,\u00a0\u00a0e ainda temos oportunidades para nos divertir\u201d, contou.<\/p>\n<p><strong>Pr\u00eamio Gest\u00e3o Escolar<\/strong><\/p>\n<p>N\u00e3o \u00e9 de hoje que o Caic vem se destacando entre as escolas p\u00fablicas do Tocantins. Em 2017, ap\u00f3s passar por todas as etapas do Pr\u00eamio Gest\u00e3o Escolar (PGE), a escola foi selecionada como representante da Regi\u00e3o Norte na final da premia\u00e7\u00e3o que reconhece a\u00e7\u00f5es positivas no ambiente escolar. A premia\u00e7\u00e3o foi realizada, no ano passado, em Bonito (MS) e contou com finalistas das cinco regi\u00f5es brasileiras.<\/p>\n","protected":false},"excerpt":{"rendered":"<p>O Centro de Aten\u00e7\u00e3o \u00e0 Crian\u00e7a Girassol de Tempo Integral, a Escola Caic de Palmas, conseguiu mais um destaque. Desta vez foi uma das escolas da rede estadual que obteve uma das maiores pontua\u00e7\u00f5es no \u00cdndice de Desenvolvimento da Educa\u00e7\u00e3o B\u00e1sica (Ideb). A escola tinha a meta de 6.1 e alcan\u00e7ou 7.7, no 5\u00ba ano [&hellip;]<\/p>\n","protected":false},"author":2,"featured_media":1242,"comment_status":"open","ping_status":"open","sticky":false,"template":"","format":"standard","meta":[],"categories":[2,3],"tags":[],"_links":{"self":[{"href":"https:\/\/dgospel.com.br\/portal\/index.php\/wp-json\/wp\/v2\/posts\/1241"}],"collection":[{"href":"https:\/\/dgospel.com.br\/portal\/index.php\/wp-json\/wp\/v2\/posts"}],"about":[{"href":"https:\/\/dgospel.com.br\/portal\/index.php\/wp-json\/wp\/v2\/types\/post"}],"author":[{"embeddable":true,"href":"https:\/\/dgospel.com.br\/portal\/index.php\/wp-json\/wp\/v2\/users\/2"}],"replies":[{"embeddable":true,"href":"https:\/\/dgospel.com.br\/portal\/index.php\/wp-json\/wp\/v2\/comments?post=1241"}],"version-history":[{"count":1,"href":"https:\/\/dgospel.com.br\/portal\/index.php\/wp-json\/wp\/v2\/posts\/1241\/revisions"}],"predecessor-version":[{"id":1243,"href":"https:\/\/dgospel.com.br\/portal\/index.php\/wp-json\/wp\/v2\/posts\/1241\/revisions\/1243"}],"wp:featuredmedia":[{"embeddable":true,"href":"https:\/\/dgospel.com.br\/portal\/index.php\/wp-json\/wp\/v2\/media\/1242"}],"wp:attachment":[{"href":"https:\/\/dgospel.com.br\/portal\/index.php\/wp-json\/wp\/v2\/media?parent=1241"}],"wp:term":[{"taxonomy":"category","embeddable":true,"href":"https:\/\/dgospel.com.br\/portal\/index.php\/wp-json\/wp\/v2\/categories?post=1241"},{"taxonomy":"post_tag","embeddable":true,"href":"https:\/\/dgospel.com.br\/portal\/index.php\/wp-json\/wp\/v2\/tags?post=1241"}],"curies":[{"name":"wp","href":"https:\/\/api.w.org\/{rel}","templated":true}]}}