{"id":12413,"date":"2022-09-08T16:04:57","date_gmt":"2022-09-08T19:04:57","guid":{"rendered":"http:\/\/dgospel.com.br\/portal\/?p=12413"},"modified":"2022-09-08T16:04:58","modified_gmt":"2022-09-08T19:04:58","slug":"pesquisa-56-dos-brasileiros-dizem-que-politica-e-valores-religiosos-devem-andar-juntos","status":"publish","type":"post","link":"https:\/\/dgospel.com.br\/portal\/index.php\/2022\/09\/08\/pesquisa-56-dos-brasileiros-dizem-que-politica-e-valores-religiosos-devem-andar-juntos\/","title":{"rendered":"Pesquisa: 56% dos brasileiros dizem que pol\u00edtica e valores religiosos devem andar juntos"},"content":{"rendered":"\n<p>Princ\u00edpios religiosos t\u00eam grande peso para os&nbsp;<strong><a href=\"https:\/\/guiame.com.br\/colunistas\/edmilson-ferreira-mendes\/feliz-nacao-cujo-deus-e-o-senhor.html\">brasileiros<\/a><\/strong>&nbsp;na hora de decidir seu voto, revelou uma nova pesquisa do Datafolha.<\/p>\n\n\n\n<p>Para 56% da popula\u00e7\u00e3o, f\u00e9 e pol\u00edtica devem andar juntos para o bem do pa\u00eds e 60% acredita que \u00e9 mais importante um candidato\u00a0<strong><a href=\"https:\/\/guiame.com.br\/gospel\/mundo-cristao\/esquerda-e-incompativel-com-o-cristianismo-diz-luciano-subira-sobre-eleicoes.html\">defender os valores da fam\u00edlia<\/a><\/strong>\u00a0do que apresentar boas propostas para a economia.<\/p>\n\n\n\n<p>A pesquisa, realizada de ter\u00e7a-feira (30) a quinta-feira (1), tamb\u00e9m mostrou que para 74% dos eleitores, o voto nas elei\u00e7\u00f5es de outubro ter\u00e1 o prop\u00f3sito de aumentar sua prosperidade pessoal.<\/p>\n\n\n\n<p>Enquanto 36% consideram que a economia n\u00e3o deve estar \u00e0 frente dos valores.<\/p>\n\n\n\n<p>Entre os entrevistados evang\u00e9licos, 67% concordaram que pol\u00edtica e f\u00e9 devem estar ligados. J\u00e1 entre os cat\u00f3licos, a concord\u00e2ncia \u00e9 de 63%.<\/p>\n\n\n\n<p>Comparando os eleitores dos candidatos \u00e0 presid\u00eancia, os apoiadores do presidente Bolsonaro s\u00e3o os que mais acreditam nesta ideia (71%), seguidos pelo eleitor do Lula (59%), Simone Tebet (53%) e Ciro Gomes (41%).<\/p>\n\n\n\n<p>A pesquisa do Datafolha ouviu 5.734 eleitores em 285 munic\u00edpios do Brasil.<\/p>\n\n\n\n<p>Em&nbsp;<strong><a href=\"https:\/\/guiame.com.br\/gospel\/mundo-cristao\/7-de-setembro-pastores-destacam-promessas-de-deus-para-o-brasil.html\">entrevista anterior ao Guiame<\/a><\/strong>, Hernandes Dias Lopes, Pastor titular da Primeira Igreja Presbiteriana de Vit\u00f3ria, explicou que os crist\u00e3os precisam se posicionar, em primeiro lugar, quando \u00e9 necess\u00e1rio defender os princ\u00edpios e valores de Deus.<\/p>\n\n\n\n<p>\u201cN\u00f3s somos a favor da valoriza\u00e7\u00e3o do casamento, de verdades absolutas, somos contra o aborto e contra a relativiza\u00e7\u00e3o dos costumes\u201d, listou.<\/p>\n\n\n\n<p>\u201cQuem \u00e9 crist\u00e3o cr\u00ea em princ\u00edpios e essa \u00e9 a bandeira que n\u00f3s temos que levantar como Igreja, exercendo voz prof\u00e9tica\u201d, afirmou.<\/p>\n","protected":false},"excerpt":{"rendered":"<p>Princ\u00edpios religiosos t\u00eam grande peso para os&nbsp;brasileiros&nbsp;na hora de decidir seu voto, revelou uma nova pesquisa do Datafolha. Para 56% da popula\u00e7\u00e3o, f\u00e9 e pol\u00edtica devem andar juntos para o bem do pa\u00eds e 60% acredita que \u00e9 mais importante um candidato\u00a0defender os valores da fam\u00edlia\u00a0do que apresentar boas propostas para a economia. A pesquisa, [&hellip;]<\/p>\n","protected":false},"author":2,"featured_media":12414,"comment_status":"open","ping_status":"open","sticky":false,"template":"","format":"standard","meta":[],"categories":[5],"tags":[],"_links":{"self":[{"href":"https:\/\/dgospel.com.br\/portal\/index.php\/wp-json\/wp\/v2\/posts\/12413"}],"collection":[{"href":"https:\/\/dgospel.com.br\/portal\/index.php\/wp-json\/wp\/v2\/posts"}],"about":[{"href":"https:\/\/dgospel.com.br\/portal\/index.php\/wp-json\/wp\/v2\/types\/post"}],"author":[{"embeddable":true,"href":"https:\/\/dgospel.com.br\/portal\/index.php\/wp-json\/wp\/v2\/users\/2"}],"replies":[{"embeddable":true,"href":"https:\/\/dgospel.com.br\/portal\/index.php\/wp-json\/wp\/v2\/comments?post=12413"}],"version-history":[{"count":1,"href":"https:\/\/dgospel.com.br\/portal\/index.php\/wp-json\/wp\/v2\/posts\/12413\/revisions"}],"predecessor-version":[{"id":12415,"href":"https:\/\/dgospel.com.br\/portal\/index.php\/wp-json\/wp\/v2\/posts\/12413\/revisions\/12415"}],"wp:featuredmedia":[{"embeddable":true,"href":"https:\/\/dgospel.com.br\/portal\/index.php\/wp-json\/wp\/v2\/media\/12414"}],"wp:attachment":[{"href":"https:\/\/dgospel.com.br\/portal\/index.php\/wp-json\/wp\/v2\/media?parent=12413"}],"wp:term":[{"taxonomy":"category","embeddable":true,"href":"https:\/\/dgospel.com.br\/portal\/index.php\/wp-json\/wp\/v2\/categories?post=12413"},{"taxonomy":"post_tag","embeddable":true,"href":"https:\/\/dgospel.com.br\/portal\/index.php\/wp-json\/wp\/v2\/tags?post=12413"}],"curies":[{"name":"wp","href":"https:\/\/api.w.org\/{rel}","templated":true}]}}