{"id":12416,"date":"2022-09-08T16:09:21","date_gmt":"2022-09-08T19:09:21","guid":{"rendered":"http:\/\/dgospel.com.br\/portal\/?p=12416"},"modified":"2022-09-08T16:09:22","modified_gmt":"2022-09-08T19:09:22","slug":"multidao-faz-a-oracao-do-pai-nosso-no-7-de-setembro-em-brasilia","status":"publish","type":"post","link":"https:\/\/dgospel.com.br\/portal\/index.php\/2022\/09\/08\/multidao-faz-a-oracao-do-pai-nosso-no-7-de-setembro-em-brasilia\/","title":{"rendered":"Multid\u00e3o faz a ora\u00e7\u00e3o do Pai Nosso no 7 de setembro, em Bras\u00edlia"},"content":{"rendered":"\n<p>Uma cena emocionante marcou a&nbsp;<a href=\"https:\/\/guiame.com.br\/gospel\/mundo-cristao\/7-de-setembro-pastores-destacam-promessas-de-deus-para-o-brasil.html\"><strong>comemora\u00e7\u00e3o do bicenten\u00e1rio da Independ\u00eancia do Brasil<\/strong><\/a>, no dia 7 de setembro, em Bras\u00edlia. Homens, mulheres, jovens e crian\u00e7as fizeram a ora\u00e7\u00e3o do Pai Nosso em uma \u00fanica voz.&nbsp;<\/p>\n\n\n\n<p>O desfile da Esplanada dos Minist\u00e9rios, na manh\u00e3 da quarta-feira, teve apresenta\u00e7\u00f5es das For\u00e7as Armadas, dos policiais militares e rodovi\u00e1rios federais, do Corpo de Bombeiros, al\u00e9m da participa\u00e7\u00e3o de tratores representando o agroneg\u00f3cio.<\/p>\n\n\n\n<p>De acordo com reportagem do Jornal da Record, a estimativa do Pal\u00e1cio do Planalto \u00e9 que 1 milh\u00e3o de pessoas estiveram presentes nas comemora\u00e7\u00f5es.\u00a0<\/p>\n\n\n\n<figure class=\"wp-block-embed is-type-video is-provider-youtube wp-block-embed-youtube wp-embed-aspect-16-9 wp-has-aspect-ratio\"><div class=\"wp-block-embed__wrapper\">\n<iframe loading=\"lazy\" title=\"Multid\u00e3o ocupa Esplanada dos Minist\u00e9rios e faz ora\u00e7\u00e3o do Pai Nosso no Dia da Independ\u00eancia\" width=\"630\" height=\"354\" src=\"https:\/\/www.youtube.com\/embed\/yMtwU_kPOPE?feature=oembed\" frameborder=\"0\" allow=\"accelerometer; autoplay; clipboard-write; encrypted-media; gyroscope; picture-in-picture\" allowfullscreen><\/iframe>\n<\/div><\/figure>\n\n\n\n<p><strong>Momento espiritual<\/strong><\/p>\n\n\n\n<p>Em v\u00e1rios outros estados,&nbsp;<a href=\"https:\/\/www.guiame.com.br\/colunistas\/edmilson-ferreira-mendes\/feliz-nacao-cujo-deus-e-o-senhor.html\"><strong>o povo orou<\/strong><\/a>&nbsp;demonstrando sua f\u00e9 e esperan\u00e7a. Em S\u00e3o Paulo, na avenida Paulista, os manifestantes afirmaram que as elei\u00e7\u00f5es s\u00e3o uma&nbsp;<a href=\"https:\/\/www.guiame.com.br\/gospel\/mundo-cristao\/deus-procura-improvaveis-e-rejeitados-e-derrama-azeite-sobre-cabeca-lembra-pastor.html\"><strong>luta espiritual<\/strong><\/a>&nbsp;e tamb\u00e9m pediram para o p\u00fablico orar o Pai Nosso.&nbsp;<\/p>\n\n\n\n<p>Os discursos tamb\u00e9m citavam&nbsp;<a href=\"https:\/\/www.guiame.com.br\/gospel\/noticias\/pesquisa-56-dos-brasileiros-dizem-que-politica-e-valores-religiosos-devem-andar-juntos.html\"><strong>Deus e a fam\u00edlia<\/strong><\/a>. Entre os materiais distribu\u00eddos havia at\u00e9 uma ora\u00e7\u00e3o pelas elei\u00e7\u00f5es de 2022, conforme observou o jornal Estado de Minas.&nbsp;<\/p>\n\n\n\n<p>Em Minas Gerais, durante as comemora\u00e7\u00f5es, o pastor Jorge Linhares orou com o os participantes: \u201c\u00c9 em nome do Pai, do Filho e do Esp\u00edrito Santo, que n\u00f3s repreendemos satan\u00e1s e dizemos: voc\u00ea \u00e9 um perdedor\u201d.\u00a0<\/p>\n\n\n\n<figure class=\"wp-block-embed is-type-video is-provider-youtube wp-block-embed-youtube wp-embed-aspect-16-9 wp-has-aspect-ratio\"><div class=\"wp-block-embed__wrapper\">\n<iframe loading=\"lazy\" title=\"ora\u00e7\u00e3o pastor Jorge linhares manifesta\u00e7\u00e3o 7 setembro\" width=\"630\" height=\"354\" src=\"https:\/\/www.youtube.com\/embed\/Hm4DvDHec_E?start=303&#038;feature=oembed\" frameborder=\"0\" allow=\"accelerometer; autoplay; clipboard-write; encrypted-media; gyroscope; picture-in-picture\" allowfullscreen><\/iframe>\n<\/div><\/figure>\n\n\n\n<p>O pastor afirmou que a reuni\u00e3o entre os mineiros era de amor, de f\u00e9 e de esperan\u00e7a. \u201c\u00c9 Jesus quem nos une, somos um&nbsp;<a href=\"https:\/\/www.guiame.com.br\/gospel\/mundo-cristao\/esquerda-e-incompativel-com-o-cristianismo-diz-luciano-subira-sobre-eleicoes.html\"><strong>povo lavado e remido pelo sangue de Jesus<\/strong><\/a>\u201d, disse. Ao final, todos oraram o Pai Nosso.<\/p>\n\n\n\n<p>No Rio de Janeiro n\u00e3o foi diferente, o povo carioca tamb\u00e9m orou o Pai Nosso. F\u00e9 e emo\u00e7\u00e3o tomou conta dos cariocas, conforme mostra o Jornal da Cidade.\u00a0<\/p>\n\n\n\n<figure class=\"wp-block-embed is-type-video is-provider-youtube wp-block-embed-youtube wp-embed-aspect-16-9 wp-has-aspect-ratio\"><div class=\"wp-block-embed__wrapper\">\n<iframe loading=\"lazy\" title=\"F\u00e9 e emo\u00e7\u00e3o no 7 de Setembro - Um milh\u00e3o de vozes rezam o Pai Nosso antes de ato no RJ\" width=\"630\" height=\"354\" src=\"https:\/\/www.youtube.com\/embed\/dUYiRgr4Yp4?start=3&#038;feature=oembed\" frameborder=\"0\" allow=\"accelerometer; autoplay; clipboard-write; encrypted-media; gyroscope; picture-in-picture\" allowfullscreen><\/iframe>\n<\/div><\/figure>\n\n\n\n<p><strong>V\u00e1rios pa\u00edses parabenizaram o Brasil<\/strong><\/p>\n\n\n\n<p>A rainha Elizabeth disse: \u201cGostaria de parabenizar Vossa Excel\u00eancia e enviar minhas felicita\u00e7\u00f5es ao povo da Rep\u00fablica Federativa do Brasil pela data\u201d.&nbsp;<\/p>\n\n\n\n<p>\u201cEu parabenizo o povo brasileiro. Estados Unidos e Brasil compartilham o compromisso de apoiar a democracia\u201d, disse Antony Blinken.<\/p>\n\n\n\n<p>O presidente da China, Xi Jinping tamb\u00e9m enviou felicita\u00e7\u00f5es destacando que o Brasil \u00e9 o maior pa\u00eds em desenvolvimento no Ocidente. Argentina e M\u00e9xico tamb\u00e9m publicaram mensagens saudando a popula\u00e7\u00e3o do Brasil.<\/p>\n\n\n\n<p>\u201cIsrael ama o Brasil\u201d, disse Yair Lapid, em homenagem ao&nbsp;<a href=\"https:\/\/guiame.com.br\/gospel\/israel\/israel-ama-o-brasil-premie-homenageia-brasil-por-ajudar-na-criacao-do-estado-de-israel.html\"><strong>pa\u00eds que ajudou na cria\u00e7\u00e3o do Estado de Israel<\/strong><\/a>. Atrav\u00e9s de um v\u00eddeo em sua conta no Twitter, o premi\u00ea afirmou que o povo judeu e o povo brasileiro possuem um v\u00ednculo profundo. \u201cFeliz 200 anos de Independ\u00eancia ao povo do Brasil\u201d, ele concluiu.<\/p>\n","protected":false},"excerpt":{"rendered":"<p>Uma cena emocionante marcou a&nbsp;comemora\u00e7\u00e3o do bicenten\u00e1rio da Independ\u00eancia do Brasil, no dia 7 de setembro, em Bras\u00edlia. Homens, mulheres, jovens e crian\u00e7as fizeram a ora\u00e7\u00e3o do Pai Nosso em uma \u00fanica voz.&nbsp; O desfile da Esplanada dos Minist\u00e9rios, na manh\u00e3 da quarta-feira, teve apresenta\u00e7\u00f5es das For\u00e7as Armadas, dos policiais militares e rodovi\u00e1rios federais, do [&hellip;]<\/p>\n","protected":false},"author":2,"featured_media":12417,"comment_status":"open","ping_status":"open","sticky":false,"template":"","format":"standard","meta":[],"categories":[5],"tags":[],"_links":{"self":[{"href":"https:\/\/dgospel.com.br\/portal\/index.php\/wp-json\/wp\/v2\/posts\/12416"}],"collection":[{"href":"https:\/\/dgospel.com.br\/portal\/index.php\/wp-json\/wp\/v2\/posts"}],"about":[{"href":"https:\/\/dgospel.com.br\/portal\/index.php\/wp-json\/wp\/v2\/types\/post"}],"author":[{"embeddable":true,"href":"https:\/\/dgospel.com.br\/portal\/index.php\/wp-json\/wp\/v2\/users\/2"}],"replies":[{"embeddable":true,"href":"https:\/\/dgospel.com.br\/portal\/index.php\/wp-json\/wp\/v2\/comments?post=12416"}],"version-history":[{"count":1,"href":"https:\/\/dgospel.com.br\/portal\/index.php\/wp-json\/wp\/v2\/posts\/12416\/revisions"}],"predecessor-version":[{"id":12418,"href":"https:\/\/dgospel.com.br\/portal\/index.php\/wp-json\/wp\/v2\/posts\/12416\/revisions\/12418"}],"wp:featuredmedia":[{"embeddable":true,"href":"https:\/\/dgospel.com.br\/portal\/index.php\/wp-json\/wp\/v2\/media\/12417"}],"wp:attachment":[{"href":"https:\/\/dgospel.com.br\/portal\/index.php\/wp-json\/wp\/v2\/media?parent=12416"}],"wp:term":[{"taxonomy":"category","embeddable":true,"href":"https:\/\/dgospel.com.br\/portal\/index.php\/wp-json\/wp\/v2\/categories?post=12416"},{"taxonomy":"post_tag","embeddable":true,"href":"https:\/\/dgospel.com.br\/portal\/index.php\/wp-json\/wp\/v2\/tags?post=12416"}],"curies":[{"name":"wp","href":"https:\/\/api.w.org\/{rel}","templated":true}]}}