{"id":12419,"date":"2022-09-08T16:14:54","date_gmt":"2022-09-08T19:14:54","guid":{"rendered":"http:\/\/dgospel.com.br\/portal\/?p=12419"},"modified":"2022-09-08T16:14:56","modified_gmt":"2022-09-08T19:14:56","slug":"israel-ama-o-brasil-premie-homenageia-brasil-por-ajudar-na-criacao-do-estado-de-israel","status":"publish","type":"post","link":"https:\/\/dgospel.com.br\/portal\/index.php\/2022\/09\/08\/israel-ama-o-brasil-premie-homenageia-brasil-por-ajudar-na-criacao-do-estado-de-israel\/","title":{"rendered":"\u201cIsrael ama o Brasil\u201d: Premi\u00ea homenageia Brasil por ajudar na cria\u00e7\u00e3o do Estado de Israel"},"content":{"rendered":"\n<p>O primeiro-ministro de Israel, Yair Lapid, parabenizou o Brasil por seus&nbsp;<strong><a href=\"https:\/\/guiame.com.br\/gospel\/mundo-cristao\/7-de-setembro-pastores-destacam-promessas-de-deus-para-o-brasil.html\">200 anos de Independ\u00eancia<\/a><\/strong>&nbsp;na segunda-feira (7) e homenageou a na\u00e7\u00e3o por ajudar na cria\u00e7\u00e3o do Estado de&nbsp;<strong><a href=\"https:\/\/guiame.com.br\/gospel\/mundo-cristao\/lideres-vao-jerusalem-para-orar-pelo-brasil-ha-uma-disputa-espiritual.html\">Israel<\/a><\/strong>&nbsp;h\u00e1 75 anos.<\/p>\n\n\n\n<p>Em v\u00eddeo em sua conta no Twitter, o premi\u00ea afirmou que o povo judeu e o povo brasileiro possuem um v\u00ednculo profundo, lembrando que a primeira sinagoga da Am\u00e9rica foi fundada em Recife, no s\u00e9culo 17.<\/p>\n\n\n\n<p>\u201cHoje, a&nbsp;<strong><a href=\"https:\/\/guiame.com.br\/gospel\/israel\/israel-anuncia-ajuda-cristaos-que-lutaram-ao-lado-dos-judeus-contra-o-hezbollah.html\">amizade entre nossas na\u00e7\u00f5es<\/a><\/strong>&nbsp;e povos est\u00e1 mais forte do que nunca. Feliz 200 anos de Independ\u00eancia ao povo do Brasil!\u201d, afirmou.<\/p>\n\n\n\n<p>Lapid destacou que a na\u00e7\u00e3o brasileira desempenhou um papel importante na funda\u00e7\u00e3o de Israel, em novembro de 1947.<\/p>\n\n\n\n<p>\u201cO brasileiro Osvaldo Aranha presidiu a sess\u00e3o da ONU, em Nova York, que abriu caminho para o renascimento de Israel em nossa antiga p\u00e1tria. Osvaldo n\u00e3o apenas se contentou em votar a favor de Israel. Ele tamb\u00e9m ajudou a garantir a maioria necess\u00e1ria para aprovar esta hist\u00f3rica decis\u00e3o\u201d, declarou.<\/p>\n\n\n\n<p>Para o primeiro-ministro, o Brasil enriqueceu o mundo com sua cultura, m\u00fasica e futebol. \u201cO mundo ama o Brasil. Israel ama o Brasil\u201d, disse Yair Lapid.<\/p>\n\n\n\n<p>E acrescentou: \u201cEm nome do Estado de Israel envio minhas mais calorosas sauda\u00e7\u00f5es a todo povo brasileiro por ocasi\u00e3o da celebra\u00e7\u00e3o de 200 anos de Independ\u00eancia. E desejo a voc\u00eas muitos outros anos de sa\u00fade, felicidade e prosperidade\u201d.<\/p>\n\n\n\n<p>O rabino messi\u00e2nico Matheus Zandona comentou as felicita\u00e7\u00f5es do premi\u00ea israelense, ressaltando a promessa de Deus de aben\u00e7oar as na\u00e7\u00f5es que aben\u00e7oarem Israel.<\/p>\n\n\n\n<p>\u201cAben\u00e7oarei os que te aben\u00e7oarem! N\u00e3o deixe que esse relacionamento seja extinto! Restaura\u00e7\u00e3o j\u00e1!\u201d, escreveu o l\u00edder brasileiro em postagem no Instagram, na segunda-feira (7).<\/p>\n","protected":false},"excerpt":{"rendered":"<p>O primeiro-ministro de Israel, Yair Lapid, parabenizou o Brasil por seus&nbsp;200 anos de Independ\u00eancia&nbsp;na segunda-feira (7) e homenageou a na\u00e7\u00e3o por ajudar na cria\u00e7\u00e3o do Estado de&nbsp;Israel&nbsp;h\u00e1 75 anos. Em v\u00eddeo em sua conta no Twitter, o premi\u00ea afirmou que o povo judeu e o povo brasileiro possuem um v\u00ednculo profundo, lembrando que a primeira [&hellip;]<\/p>\n","protected":false},"author":2,"featured_media":12420,"comment_status":"open","ping_status":"open","sticky":false,"template":"","format":"standard","meta":[],"categories":[16],"tags":[],"_links":{"self":[{"href":"https:\/\/dgospel.com.br\/portal\/index.php\/wp-json\/wp\/v2\/posts\/12419"}],"collection":[{"href":"https:\/\/dgospel.com.br\/portal\/index.php\/wp-json\/wp\/v2\/posts"}],"about":[{"href":"https:\/\/dgospel.com.br\/portal\/index.php\/wp-json\/wp\/v2\/types\/post"}],"author":[{"embeddable":true,"href":"https:\/\/dgospel.com.br\/portal\/index.php\/wp-json\/wp\/v2\/users\/2"}],"replies":[{"embeddable":true,"href":"https:\/\/dgospel.com.br\/portal\/index.php\/wp-json\/wp\/v2\/comments?post=12419"}],"version-history":[{"count":1,"href":"https:\/\/dgospel.com.br\/portal\/index.php\/wp-json\/wp\/v2\/posts\/12419\/revisions"}],"predecessor-version":[{"id":12421,"href":"https:\/\/dgospel.com.br\/portal\/index.php\/wp-json\/wp\/v2\/posts\/12419\/revisions\/12421"}],"wp:featuredmedia":[{"embeddable":true,"href":"https:\/\/dgospel.com.br\/portal\/index.php\/wp-json\/wp\/v2\/media\/12420"}],"wp:attachment":[{"href":"https:\/\/dgospel.com.br\/portal\/index.php\/wp-json\/wp\/v2\/media?parent=12419"}],"wp:term":[{"taxonomy":"category","embeddable":true,"href":"https:\/\/dgospel.com.br\/portal\/index.php\/wp-json\/wp\/v2\/categories?post=12419"},{"taxonomy":"post_tag","embeddable":true,"href":"https:\/\/dgospel.com.br\/portal\/index.php\/wp-json\/wp\/v2\/tags?post=12419"}],"curies":[{"name":"wp","href":"https:\/\/api.w.org\/{rel}","templated":true}]}}