{"id":12434,"date":"2022-09-12T09:55:48","date_gmt":"2022-09-12T12:55:48","guid":{"rendered":"http:\/\/dgospel.com.br\/portal\/?p=12434"},"modified":"2022-09-12T09:55:49","modified_gmt":"2022-09-12T12:55:49","slug":"em-colinas-ataides-oliveira-faz-visita-ao-comercio-e-defende-a-criacao-de-polos-agroindustriais-e-educacional","status":"publish","type":"post","link":"https:\/\/dgospel.com.br\/portal\/index.php\/2022\/09\/12\/em-colinas-ataides-oliveira-faz-visita-ao-comercio-e-defende-a-criacao-de-polos-agroindustriais-e-educacional\/","title":{"rendered":"Em Colinas, Ata\u00eddes Oliveira faz visita ao com\u00e9rcio e defende a cria\u00e7\u00e3o de p\u00f3los agroindustriais e educacional"},"content":{"rendered":"\n<p>De volta \u00e0 Colinas nesse s\u00e1bado, 10, o candidato ao Senado Ata\u00eddes Oliveira (Pros) recebeu apoios de eleitores e lideran\u00e7as pol\u00edticas, fez visitas no com\u00e9rcio, cumprimentando as pessoas e apresentando suas propostas, e defendeu a implementa\u00e7\u00e3o de um p\u00f3lo agroindustrial e outro educacional no munic\u00edpio.<\/p>\n\n\n\n<p>&#8220;Que felicidade retornar a esse munic\u00edpio t\u00e3o importante do nosso Estado e poder conversar com as pessoas, recebendo apoios t\u00e3o importantes como o da ex-prefeita Maria Helena Defavari. Tamb\u00e9m quero agradecer a recep\u00e7\u00e3o que tive dos vereadores e do casal dona Elma e seu esposo doutor Norberto. Estou vendo nossa campanha crescendo a cada dia e tenho certeza que vamos ser vitoriosos no dia 2 de outubro&#8221;, afirmou.<\/p>\n\n\n\n<p>Ata\u00eddes tamb\u00e9m destacou que Colinas tem potencial para atrair mais empres\u00e1rios e empreendedores e que sua proposta enquanto senador \u00e9 buscar recursos para levar ao munic\u00edpio um p\u00f3lo agroindustrial e outro educacional.<\/p>\n\n\n\n<p><strong>Apoio<\/strong><\/p>\n\n\n\n<p>A ex-prefeita de Colinas Maria Helena Defavari, destacou que apoia Ata\u00eddes e explicou os motivos. &#8220;Hoje, acompanhamos a caminhada do senador Ata\u00eddes. J\u00e1 \u00e9 a segunda vez que eu o apoio e tenho muita admira\u00e7\u00e3o por ele, pela sua sensibilidade e seriedade. Ele caminha nas ruas, atende a gente na hora que a gente precisa, \u00e9 um grande empreendedor, gerador de empregos, tudo que preenche os requisitos. Ent\u00e3o, por esses motivos e muito mais, eu apoio Ata\u00eddes n\u00famero 900&#8221;, afirmou.<\/p>\n","protected":false},"excerpt":{"rendered":"<p>De volta \u00e0 Colinas nesse s\u00e1bado, 10, o candidato ao Senado Ata\u00eddes Oliveira (Pros) recebeu apoios de eleitores e lideran\u00e7as pol\u00edticas, fez visitas no com\u00e9rcio, cumprimentando as pessoas e apresentando suas propostas, e defendeu a implementa\u00e7\u00e3o de um p\u00f3lo agroindustrial e outro educacional no munic\u00edpio. &#8220;Que felicidade retornar a esse munic\u00edpio t\u00e3o importante do nosso [&hellip;]<\/p>\n","protected":false},"author":2,"featured_media":12435,"comment_status":"open","ping_status":"open","sticky":false,"template":"","format":"standard","meta":[],"categories":[4],"tags":[],"_links":{"self":[{"href":"https:\/\/dgospel.com.br\/portal\/index.php\/wp-json\/wp\/v2\/posts\/12434"}],"collection":[{"href":"https:\/\/dgospel.com.br\/portal\/index.php\/wp-json\/wp\/v2\/posts"}],"about":[{"href":"https:\/\/dgospel.com.br\/portal\/index.php\/wp-json\/wp\/v2\/types\/post"}],"author":[{"embeddable":true,"href":"https:\/\/dgospel.com.br\/portal\/index.php\/wp-json\/wp\/v2\/users\/2"}],"replies":[{"embeddable":true,"href":"https:\/\/dgospel.com.br\/portal\/index.php\/wp-json\/wp\/v2\/comments?post=12434"}],"version-history":[{"count":1,"href":"https:\/\/dgospel.com.br\/portal\/index.php\/wp-json\/wp\/v2\/posts\/12434\/revisions"}],"predecessor-version":[{"id":12436,"href":"https:\/\/dgospel.com.br\/portal\/index.php\/wp-json\/wp\/v2\/posts\/12434\/revisions\/12436"}],"wp:featuredmedia":[{"embeddable":true,"href":"https:\/\/dgospel.com.br\/portal\/index.php\/wp-json\/wp\/v2\/media\/12435"}],"wp:attachment":[{"href":"https:\/\/dgospel.com.br\/portal\/index.php\/wp-json\/wp\/v2\/media?parent=12434"}],"wp:term":[{"taxonomy":"category","embeddable":true,"href":"https:\/\/dgospel.com.br\/portal\/index.php\/wp-json\/wp\/v2\/categories?post=12434"},{"taxonomy":"post_tag","embeddable":true,"href":"https:\/\/dgospel.com.br\/portal\/index.php\/wp-json\/wp\/v2\/tags?post=12434"}],"curies":[{"name":"wp","href":"https:\/\/api.w.org\/{rel}","templated":true}]}}