{"id":12437,"date":"2022-09-12T10:01:39","date_gmt":"2022-09-12T13:01:39","guid":{"rendered":"http:\/\/dgospel.com.br\/portal\/?p=12437"},"modified":"2022-09-12T10:01:39","modified_gmt":"2022-09-12T13:01:39","slug":"festival-gastronomico-se-despede-do-publico-com-premiacao-e-gostinho-de-quero-mais","status":"publish","type":"post","link":"https:\/\/dgospel.com.br\/portal\/index.php\/2022\/09\/12\/festival-gastronomico-se-despede-do-publico-com-premiacao-e-gostinho-de-quero-mais\/","title":{"rendered":"Festival gastron\u00f4mico se despede do p\u00fablico com premia\u00e7\u00e3o e gostinho de quero mais"},"content":{"rendered":"\n<p>Com muito&nbsp;sabores do Cerrado e m\u00fasica boa, a 16\u00aa edi\u00e7\u00e3o do Festival Gastron\u00f4mico de Taquaru\u00e7u (FGT)&nbsp; se despediu do p\u00fablico na noite deste domingo, 11. O circuito instalado, na Pra\u00e7a Vereador Tarcisio Machado da Fonseca, no Distrito de Taquaru\u00e7u, encerrou com a premia\u00e7\u00e3o dos melhores pratos divididos em seis categorias, que representaram a culin\u00e1ria tocantinense, rica em sabores e sentimentos. Durante as cinco noites, um p\u00fablico de mais de 100 mil pessoas subiu a serra para prestigiar o card\u00e1pio variado, as oficinas da cozinha show e as apresenta\u00e7\u00f5es culturais dos artistas regionais e nacionais. O FGT \u00e9 uma realiza\u00e7\u00e3o da Prefeitura de Palmas, por meio da Ag\u00eancia de Turismo de Palmas (Agtur).<\/p>\n\n\n\n<p>A prefeita Cinthia Ribeiro destacou que a meta para o ano que vem \u00e9 superar a edi\u00e7\u00e3o de sucesso de 2022. \u201cEsta edi\u00e7\u00e3o fez hist\u00f3ria em todos os sentidos, com p\u00fablico recorde, comidinhas maravilhosas, shows regionais e nacionais, e toda popula\u00e7\u00e3o que merecia esse aconchego e carinho. E esse ambiente de comida afetiva que despertou v\u00e1rios sentidos, com o toque de eleg\u00e2ncia e charme que s\u00f3 Taquaru\u00e7u tem\u201d, &nbsp;ressaltou.<\/p>\n\n\n\n<p>Na edi\u00e7\u00e3o deste ano 41 pratos concorreram, disputando as seguintes categorias: Pratos Salgados, Pratos Doces, Comidinha Salgada, Food Truck, Rota Gastron\u00f4mica e Prato Vegetariano; uma das novidades deste ano. Outra inova\u00e7\u00e3o desta edi\u00e7\u00e3o foi o aumento dos valores das premia\u00e7\u00f5es, sendo distribu\u00eddo por cada categoria os valores de R$ 7 mil para os primeiros lugares, R$ 3 mil para os segundos lugares e R$ 2 mil para os ganhadores em terceiro lugar.<\/p>\n\n\n\n<p>De acordo com o presidente da Agtur, Tom Lyra, &#8220;a tem\u00e1tica deste ano \u2018Comida afetiva\u2019 consolida todo um trabalho feito nas edi\u00e7\u00f5es anteriores para chegar a 16\u00b0 edi\u00e7\u00e3o, com profissionalismo e&nbsp;a valoriza\u00e7\u00e3o da boa comida. Chegamos a \u00faltima noite com a sensa\u00e7\u00e3o de dever cumprido, e inserindo a gastronomia tocantinense no cen\u00e1rio nacional e internacional&#8221;, destacou.<\/p>\n\n\n\n<p>O primeiro lugar na categoria vegetariana, estreante na edi\u00e7\u00e3o deste ano, ficou para o chef Alisson Eug\u00eanio de Fran\u00e7a, respons\u00e1vel pela elabora\u00e7\u00e3o da \u201cPizza de Abobrinha\u2019\u2019. Ele contou que fez o prato baseado na sua esposa que \u00e9 vegetariana. E inicialmente, produziu um queijo vegano para agradar a amada, e, em seguida, nasceu a inspira\u00e7\u00e3o para confeccionar a pizza.<\/p>\n\n\n\n<p>De acordo com a Agtur, a comiss\u00e3o julgadora que analisou as propostas culin\u00e1rias \u00e9 composta por grandes nomes e profissionais da gastronomia brasileira, que analisaram a forma de apresenta\u00e7\u00e3o dos pratos, criatividade, sabores, textura, originalidade e o uso de ingredientes caracter\u00edsticos da comida tocantinense, dentre outras.<\/p>\n\n\n\n<p><strong>Veja abaixo a lista com o pratos vencedores<\/strong><br>&nbsp;<br><strong>PRATO DOCE<\/strong><br>1\u00ba &#8211; Pudim de Mangaba 03 Sabores &#8211; chef Ilzani Sousa;<br>2\u00ba &#8211; Brownieru &#8211; chef La\u00eds Ben\u00edcio;<br>3\u00ba &#8211; Mimo do Cerrado &#8211; chef Fernanda Lopes.<br>&nbsp;<br><strong>ROTA GASTRON\u00d4MICA<\/strong><br>1\u00ba &#8211; Gravlax de Tucunar\u00e9 &#8211; chef K\u00eania Borges\/Casa das Flores;<br>2\u00ba &#8211; Trufa de Chambari &#8211; chef Victor Augusto\/Vila dos Sabores;<br>3\u00ba &#8211; Bai\u00e3o da Mam\u00e3e &#8211; chef Marilon de Azevedo\/Quintal do Chef.<br>&nbsp;<br><strong>COMIDINHA SALGADA<\/strong><br>1\u00ba &#8211; Pastel Caryocar da Serra &#8211; chef Leydiane Castro;<br>2\u00ba &#8211; Marmitinha Sertaneja &#8211; chef Samyra Costa;<br>3\u00ba &#8211; Oxe My Dog &#8211; chef Ilana Borges.<br>&nbsp;<br><strong>FOOD TRUCK<\/strong><br>1\u00ba &#8211; Pizza Sabor da Terra &#8211; chef Maria do Bonfim;<br>2\u00ba &#8211; Bem A\u00ed Hamb\u00farguer &#8211; chef Thaynara Alves;<br>3\u00ba &#8211; Crepe Ouro do Cerrado &#8211; chef Suzana Lima.<br>&nbsp;<br><strong>&nbsp;PRATO SALGADO<\/strong><br>1\u00ba &#8211; Risoto Cremoso da Serra &#8211; chef Josu\u00e9 Amorim;<br>2\u00ba &#8211; Porko Loko &#8211; chef D\u00e9bora Almeida;<br>3\u00ba &#8211; Chambasanha &#8211; chef Marina Mendes.<br>&nbsp;<br><strong>VEGETARIANA<\/strong><br>1\u00ba &#8211; Pizza de Abobrinha &#8211; chef Elison de Fran\u00e7a;<br>2\u00ba &#8211; Encanto do Cerrado &#8211; chef Heverton Marinho;<br>3\u00ba &#8211; Coxinha Ouro Velho &#8211; chef Maria do Socorro.<\/p>\n","protected":false},"excerpt":{"rendered":"<p>Com muito&nbsp;sabores do Cerrado e m\u00fasica boa, a 16\u00aa edi\u00e7\u00e3o do Festival Gastron\u00f4mico de Taquaru\u00e7u (FGT)&nbsp; se despediu do p\u00fablico na noite deste domingo, 11. O circuito instalado, na Pra\u00e7a Vereador Tarcisio Machado da Fonseca, no Distrito de Taquaru\u00e7u, encerrou com a premia\u00e7\u00e3o dos melhores pratos divididos em seis categorias, que representaram a culin\u00e1ria tocantinense, [&hellip;]<\/p>\n","protected":false},"author":2,"featured_media":12438,"comment_status":"open","ping_status":"open","sticky":false,"template":"","format":"standard","meta":[],"categories":[3],"tags":[13],"_links":{"self":[{"href":"https:\/\/dgospel.com.br\/portal\/index.php\/wp-json\/wp\/v2\/posts\/12437"}],"collection":[{"href":"https:\/\/dgospel.com.br\/portal\/index.php\/wp-json\/wp\/v2\/posts"}],"about":[{"href":"https:\/\/dgospel.com.br\/portal\/index.php\/wp-json\/wp\/v2\/types\/post"}],"author":[{"embeddable":true,"href":"https:\/\/dgospel.com.br\/portal\/index.php\/wp-json\/wp\/v2\/users\/2"}],"replies":[{"embeddable":true,"href":"https:\/\/dgospel.com.br\/portal\/index.php\/wp-json\/wp\/v2\/comments?post=12437"}],"version-history":[{"count":1,"href":"https:\/\/dgospel.com.br\/portal\/index.php\/wp-json\/wp\/v2\/posts\/12437\/revisions"}],"predecessor-version":[{"id":12439,"href":"https:\/\/dgospel.com.br\/portal\/index.php\/wp-json\/wp\/v2\/posts\/12437\/revisions\/12439"}],"wp:featuredmedia":[{"embeddable":true,"href":"https:\/\/dgospel.com.br\/portal\/index.php\/wp-json\/wp\/v2\/media\/12438"}],"wp:attachment":[{"href":"https:\/\/dgospel.com.br\/portal\/index.php\/wp-json\/wp\/v2\/media?parent=12437"}],"wp:term":[{"taxonomy":"category","embeddable":true,"href":"https:\/\/dgospel.com.br\/portal\/index.php\/wp-json\/wp\/v2\/categories?post=12437"},{"taxonomy":"post_tag","embeddable":true,"href":"https:\/\/dgospel.com.br\/portal\/index.php\/wp-json\/wp\/v2\/tags?post=12437"}],"curies":[{"name":"wp","href":"https:\/\/api.w.org\/{rel}","templated":true}]}}