{"id":12443,"date":"2022-09-12T23:18:20","date_gmt":"2022-09-13T02:18:20","guid":{"rendered":"http:\/\/dgospel.com.br\/portal\/?p=12443"},"modified":"2022-09-12T23:18:21","modified_gmt":"2022-09-13T02:18:21","slug":"descaso-lula-ignora-leitura-da-carta-dos-evangelicos-em-encontro-no-rj","status":"publish","type":"post","link":"https:\/\/dgospel.com.br\/portal\/index.php\/2022\/09\/12\/descaso-lula-ignora-leitura-da-carta-dos-evangelicos-em-encontro-no-rj\/","title":{"rendered":"Descaso: Lula ignora leitura da \u2018carta dos evang\u00e9licos\u2019 em encontro no RJ"},"content":{"rendered":"\n<p>O ex-presidente Luiz In\u00e1cio Lula da Silva, candidato \u00e0 Presid\u00eancia da Rep\u00fablica do Partido dos Trabalhadores (PT), esteve na \u00faltima sexta-feira (9) em S\u00e3o Gon\u00e7alo, Regi\u00e3o Metropolitana do Rio de Janeiro, em um evento com pastores.<\/p>\n\n\n\n<p>Durante esse encontro, dois jovens foram escolhidos para ler a\u00a0<em>Carta das Evang\u00e9licas e Evang\u00e9licos ao Lula<\/em>\u00a0e o candidato ignorou a leitura conversando com sua esposa, Janja, acenando para a plateia ou apenas olhando para a frente sem encarar os jovens que faziam a leitura.<\/p>\n\n\n\n<p>Ao anunciar a leitura da carta, o pastor da Igreja Batista da Lagoa, Oliver Costa Goiano, disse que o documento \u201cecoar\u00e1 no Brasil\u201d. Por\u00e9m, poucos dos que estavam presentes realmente prestaram aten\u00e7\u00e3o no que estava sendo lido.<\/p>\n\n\n\n<p>O candidato a vice-presidente de Lula, Geraldo Alckmin (PSDB) e o candidato ao governo do Rio de Janeiro, Marcelo Freixo (PSB), acompanharam a leitura atentamente, sem distra\u00e7\u00f5es, mas a forma como o petista se comportou gerou debate nas redes sociais.<\/p>\n\n\n\n<p>\u2013 Meu Deus! A jovem falando a palavra de Deus e Lula n\u00e3o deu a m\u00ednima aten\u00e7\u00e3o. Miseric\u00f3rdia \u2013 escreveu uma usu\u00e1ria do Facebook.<\/p>\n\n\n\n<p>\u2013 A menina falou e o cidad\u00e3o de bem n\u00e3o olhou pra ela \u2013 percebeu outro usu\u00e1rio da rede social.<\/p>\n\n\n\n<p>\u2013 O Lula n\u00e3o est\u00e1 nem prestando aten\u00e7\u00e3o no que a irm\u00e3 est\u00e1 falando \u2013 notou outro internauta ap\u00f3s assistir ao v\u00eddeo do evento.<\/p>\n\n\n\n<p><strong>Assista:<\/strong><\/p>\n\n\n\n<figure class=\"wp-block-embed is-type-video is-provider-youtube wp-block-embed-youtube wp-embed-aspect-16-9 wp-has-aspect-ratio\"><div class=\"wp-block-embed__wrapper\">\n<iframe loading=\"lazy\" title=\"Ao vivo 09\/09 | Lula se encontra com evang\u00e9licos em S\u00e3o Gon\u00e7alo-RJ\" width=\"630\" height=\"354\" src=\"https:\/\/www.youtube.com\/embed\/wFT0miLzD9g?start=5245&#038;feature=oembed\" frameborder=\"0\" allow=\"accelerometer; autoplay; clipboard-write; encrypted-media; gyroscope; picture-in-picture\" allowfullscreen><\/iframe>\n<\/div><\/figure>\n","protected":false},"excerpt":{"rendered":"<p>O ex-presidente Luiz In\u00e1cio Lula da Silva, candidato \u00e0 Presid\u00eancia da Rep\u00fablica do Partido dos Trabalhadores (PT), esteve na \u00faltima sexta-feira (9) em S\u00e3o Gon\u00e7alo, Regi\u00e3o Metropolitana do Rio de Janeiro, em um evento com pastores. Durante esse encontro, dois jovens foram escolhidos para ler a\u00a0Carta das Evang\u00e9licas e Evang\u00e9licos ao Lula\u00a0e o candidato ignorou [&hellip;]<\/p>\n","protected":false},"author":2,"featured_media":12444,"comment_status":"open","ping_status":"open","sticky":false,"template":"","format":"standard","meta":[],"categories":[10],"tags":[],"_links":{"self":[{"href":"https:\/\/dgospel.com.br\/portal\/index.php\/wp-json\/wp\/v2\/posts\/12443"}],"collection":[{"href":"https:\/\/dgospel.com.br\/portal\/index.php\/wp-json\/wp\/v2\/posts"}],"about":[{"href":"https:\/\/dgospel.com.br\/portal\/index.php\/wp-json\/wp\/v2\/types\/post"}],"author":[{"embeddable":true,"href":"https:\/\/dgospel.com.br\/portal\/index.php\/wp-json\/wp\/v2\/users\/2"}],"replies":[{"embeddable":true,"href":"https:\/\/dgospel.com.br\/portal\/index.php\/wp-json\/wp\/v2\/comments?post=12443"}],"version-history":[{"count":1,"href":"https:\/\/dgospel.com.br\/portal\/index.php\/wp-json\/wp\/v2\/posts\/12443\/revisions"}],"predecessor-version":[{"id":12445,"href":"https:\/\/dgospel.com.br\/portal\/index.php\/wp-json\/wp\/v2\/posts\/12443\/revisions\/12445"}],"wp:featuredmedia":[{"embeddable":true,"href":"https:\/\/dgospel.com.br\/portal\/index.php\/wp-json\/wp\/v2\/media\/12444"}],"wp:attachment":[{"href":"https:\/\/dgospel.com.br\/portal\/index.php\/wp-json\/wp\/v2\/media?parent=12443"}],"wp:term":[{"taxonomy":"category","embeddable":true,"href":"https:\/\/dgospel.com.br\/portal\/index.php\/wp-json\/wp\/v2\/categories?post=12443"},{"taxonomy":"post_tag","embeddable":true,"href":"https:\/\/dgospel.com.br\/portal\/index.php\/wp-json\/wp\/v2\/tags?post=12443"}],"curies":[{"name":"wp","href":"https:\/\/api.w.org\/{rel}","templated":true}]}}