{"id":12454,"date":"2022-09-14T13:12:59","date_gmt":"2022-09-14T16:12:59","guid":{"rendered":"http:\/\/dgospel.com.br\/portal\/?p=12454"},"modified":"2022-09-14T13:12:59","modified_gmt":"2022-09-14T16:12:59","slug":"festival-gastronomico-de-taquarucu-movimenta-mais-de-r-5-milhoes","status":"publish","type":"post","link":"https:\/\/dgospel.com.br\/portal\/index.php\/2022\/09\/14\/festival-gastronomico-de-taquarucu-movimenta-mais-de-r-5-milhoes\/","title":{"rendered":"Festival Gastron\u00f4mico de Taquaru\u00e7u movimenta mais de R$ 5 milh\u00f5es"},"content":{"rendered":"\n<p>Com p\u00fablico de 128 mil pessoas, as cinco noites do 16\u00ba Festival Gastron\u00f4mico de Taquaru\u00e7u contou com uma programa\u00e7\u00e3o repleta de variedades para todos os p\u00fablicos, que reuniu o melhor da culin\u00e1ria tocantinense com as apresenta\u00e7\u00f5es musicais de artistas regionais e nacionais. O evento realizado pela Prefeitura de Palmas, por meio da Ag\u00eancia Municipal de Turismo de Capital (Agtur), &nbsp;fortaleceu o empreendedorismo gastron\u00f4mico do distrito movimentando mais de R$ 5 milh\u00f5es no local, sendo R$ 1,4 milh\u00e3o&nbsp;na \u00e1rea de alimenta\u00e7\u00e3o instalada na Pra\u00e7a Vereador Tarcisio Machado da Fonseca. O restante do faturamento, correspondente a R$ 3,6 milh\u00f5es, \u00e9 referente ao com\u00e9rcio local, hot\u00e9is e pousadas de Taquaru\u00e7u, entre outros. Desse montante, os ambulantes faturaram&nbsp;cerca de R$ 200 mil na Vila Gastron\u00f4mica.<\/p>\n\n\n\n<p>O presidente da Agtur, Tom Lyra, destacou que, al\u00e9m do impacto positivo para a economia do local, o FGT inclui Taquaru\u00e7u no calend\u00e1rio nacional de eventos tur\u00edsticos gastron\u00f4micos.&nbsp;Ele lembrou que a festa trouxe novidades este ano, citando o Espa\u00e7o Kids. \u201cUma \u00e1rea para as crian\u00e7as se divertirem com seguran\u00e7a e tranquilidade, ou seja, feito para as fam\u00edlias. Depois de dois anos sem grandes festas, a gest\u00e3o do munic\u00edpio presenteou o p\u00fablico com mais um grande evento, com conforto, qualidade e seguran\u00e7a.\u201d<\/p>\n\n\n\n<p>O aumento no fluxo de turistas durante todo o per\u00edodo de realiza\u00e7\u00e3o do festival fez com que hot\u00e9is e pousadas ficassem lotados no per\u00edodo de realiza\u00e7\u00e3o da FGT. &nbsp;\u201cMinha pousada \u00e9 rec\u00e9m-inaugurada, e conforme a Prefeitura foi soltando a rela\u00e7\u00e3o de shows, de imediato foram lotando os quartos. Durante o per\u00edodo do festival, se eu tivesse o triplo de acomoda\u00e7\u00f5es eu teria locado todos\u201d, comemorou a propriet\u00e1ria da Pousada Samba\u00edba, Nilmara Cristina Silva Hagestedt.<\/p>\n\n\n\n<p>A programa\u00e7\u00e3o realizada de&nbsp;7 a&nbsp;11 de setembro contou com cantores da M\u00fasica Popular Brasileira (MPB), como Nando Reis, Banda Melim, Vanessa da Mata, F\u00e1bio J\u00fanior, Zezo, e muitos outros artistas regionais, al\u00e9m da Rota Gastron\u00f4mica, Cozinha show que teve a participa\u00e7\u00e3o de chefs da culin\u00e1ria regional e nacional.&nbsp;<\/p>\n","protected":false},"excerpt":{"rendered":"<p>Com p\u00fablico de 128 mil pessoas, as cinco noites do 16\u00ba Festival Gastron\u00f4mico de Taquaru\u00e7u contou com uma programa\u00e7\u00e3o repleta de variedades para todos os p\u00fablicos, que reuniu o melhor da culin\u00e1ria tocantinense com as apresenta\u00e7\u00f5es musicais de artistas regionais e nacionais. O evento realizado pela Prefeitura de Palmas, por meio da Ag\u00eancia Municipal de [&hellip;]<\/p>\n","protected":false},"author":2,"featured_media":12455,"comment_status":"open","ping_status":"open","sticky":false,"template":"","format":"standard","meta":[],"categories":[10],"tags":[13],"_links":{"self":[{"href":"https:\/\/dgospel.com.br\/portal\/index.php\/wp-json\/wp\/v2\/posts\/12454"}],"collection":[{"href":"https:\/\/dgospel.com.br\/portal\/index.php\/wp-json\/wp\/v2\/posts"}],"about":[{"href":"https:\/\/dgospel.com.br\/portal\/index.php\/wp-json\/wp\/v2\/types\/post"}],"author":[{"embeddable":true,"href":"https:\/\/dgospel.com.br\/portal\/index.php\/wp-json\/wp\/v2\/users\/2"}],"replies":[{"embeddable":true,"href":"https:\/\/dgospel.com.br\/portal\/index.php\/wp-json\/wp\/v2\/comments?post=12454"}],"version-history":[{"count":1,"href":"https:\/\/dgospel.com.br\/portal\/index.php\/wp-json\/wp\/v2\/posts\/12454\/revisions"}],"predecessor-version":[{"id":12456,"href":"https:\/\/dgospel.com.br\/portal\/index.php\/wp-json\/wp\/v2\/posts\/12454\/revisions\/12456"}],"wp:featuredmedia":[{"embeddable":true,"href":"https:\/\/dgospel.com.br\/portal\/index.php\/wp-json\/wp\/v2\/media\/12455"}],"wp:attachment":[{"href":"https:\/\/dgospel.com.br\/portal\/index.php\/wp-json\/wp\/v2\/media?parent=12454"}],"wp:term":[{"taxonomy":"category","embeddable":true,"href":"https:\/\/dgospel.com.br\/portal\/index.php\/wp-json\/wp\/v2\/categories?post=12454"},{"taxonomy":"post_tag","embeddable":true,"href":"https:\/\/dgospel.com.br\/portal\/index.php\/wp-json\/wp\/v2\/tags?post=12454"}],"curies":[{"name":"wp","href":"https:\/\/api.w.org\/{rel}","templated":true}]}}