{"id":12466,"date":"2022-09-14T15:49:58","date_gmt":"2022-09-14T18:49:58","guid":{"rendered":"http:\/\/dgospel.com.br\/portal\/?p=12466"},"modified":"2022-09-14T15:49:59","modified_gmt":"2022-09-14T18:49:59","slug":"juiza-manda-retirar-outdoor-com-deus-patria-familia-fascismo","status":"publish","type":"post","link":"https:\/\/dgospel.com.br\/portal\/index.php\/2022\/09\/14\/juiza-manda-retirar-outdoor-com-deus-patria-familia-fascismo\/","title":{"rendered":"Ju\u00edza manda retirar outdoor com Deus, p\u00e1tria, fam\u00edlia: \u201cFascismo\u201d"},"content":{"rendered":"\n<p>A ju\u00edza Marisa Gatelli, da 165\u00aa Zona Eleitoral do Rio Grande do Sul, determinou que seja removido um outdoor com o slogan \u201cDeus, p\u00e1tria, fam\u00edlia e liberdade\u201d, localizado na cidade de Vale Real. Para a magistrada, o painel \u00e9 associado ao fascismo e tamb\u00e9m \u00e0 propaganda eleitoral em favor do presidente Jair Bolsonaro (PL).<\/p>\n\n\n\n<p>\u2013 Ainda que o artefato em quest\u00e3o n\u00e3o fa\u00e7a pedido expl\u00edcito de votos ou men\u00e7\u00e3o a Bolsonaro, resta incontroverso que cont\u00e9m o lema e as cores de sua campanha eleitoral, n\u00e3o passando de fora (sic) dissimulada de propaganda pol\u00edtica \u2013 avaliou, acrescentando que a frase \u201cest\u00e1 ligada ao facismo (sic), discrepando, por\u00e9m, do regime democr\u00e1tico vigente no pa\u00eds\u201d.<\/p>\n\n\n\n<p>A decis\u00e3o da magistrada se op\u00f5e ao parecer do Minist\u00e9rio P\u00fablico (MP). Na avalia\u00e7\u00e3o do \u00f3rg\u00e3o, n\u00e3o h\u00e1 como afirmar que a pe\u00e7a esteja fazendo propaganda eleitoral para o candidato, pois n\u00e3o h\u00e1 pedido expl\u00edcito de votos.<\/p>\n","protected":false},"excerpt":{"rendered":"<p>A ju\u00edza Marisa Gatelli, da 165\u00aa Zona Eleitoral do Rio Grande do Sul, determinou que seja removido um outdoor com o slogan \u201cDeus, p\u00e1tria, fam\u00edlia e liberdade\u201d, localizado na cidade de Vale Real. Para a magistrada, o painel \u00e9 associado ao fascismo e tamb\u00e9m \u00e0 propaganda eleitoral em favor do presidente Jair Bolsonaro (PL). \u2013 [&hellip;]<\/p>\n","protected":false},"author":2,"featured_media":12467,"comment_status":"open","ping_status":"open","sticky":false,"template":"","format":"standard","meta":[],"categories":[10],"tags":[13],"_links":{"self":[{"href":"https:\/\/dgospel.com.br\/portal\/index.php\/wp-json\/wp\/v2\/posts\/12466"}],"collection":[{"href":"https:\/\/dgospel.com.br\/portal\/index.php\/wp-json\/wp\/v2\/posts"}],"about":[{"href":"https:\/\/dgospel.com.br\/portal\/index.php\/wp-json\/wp\/v2\/types\/post"}],"author":[{"embeddable":true,"href":"https:\/\/dgospel.com.br\/portal\/index.php\/wp-json\/wp\/v2\/users\/2"}],"replies":[{"embeddable":true,"href":"https:\/\/dgospel.com.br\/portal\/index.php\/wp-json\/wp\/v2\/comments?post=12466"}],"version-history":[{"count":1,"href":"https:\/\/dgospel.com.br\/portal\/index.php\/wp-json\/wp\/v2\/posts\/12466\/revisions"}],"predecessor-version":[{"id":12468,"href":"https:\/\/dgospel.com.br\/portal\/index.php\/wp-json\/wp\/v2\/posts\/12466\/revisions\/12468"}],"wp:featuredmedia":[{"embeddable":true,"href":"https:\/\/dgospel.com.br\/portal\/index.php\/wp-json\/wp\/v2\/media\/12467"}],"wp:attachment":[{"href":"https:\/\/dgospel.com.br\/portal\/index.php\/wp-json\/wp\/v2\/media?parent=12466"}],"wp:term":[{"taxonomy":"category","embeddable":true,"href":"https:\/\/dgospel.com.br\/portal\/index.php\/wp-json\/wp\/v2\/categories?post=12466"},{"taxonomy":"post_tag","embeddable":true,"href":"https:\/\/dgospel.com.br\/portal\/index.php\/wp-json\/wp\/v2\/tags?post=12466"}],"curies":[{"name":"wp","href":"https:\/\/api.w.org\/{rel}","templated":true}]}}