{"id":12469,"date":"2022-09-14T15:58:22","date_gmt":"2022-09-14T18:58:22","guid":{"rendered":"http:\/\/dgospel.com.br\/portal\/?p=12469"},"modified":"2022-09-14T15:58:24","modified_gmt":"2022-09-14T18:58:24","slug":"homem-que-matou-a-ex-mulher-e-o-filho-de-2-anos-tem-o-rosto-de-lula-tatuado-no-braco","status":"publish","type":"post","link":"https:\/\/dgospel.com.br\/portal\/index.php\/2022\/09\/14\/homem-que-matou-a-ex-mulher-e-o-filho-de-2-anos-tem-o-rosto-de-lula-tatuado-no-braco\/","title":{"rendered":"\u00a0Homem que matou a ex-mulher e o filho de 2 anos, tem o rosto de Lula tatuado no bra\u00e7o"},"content":{"rendered":"\n<p>O presidente Jair Bolsonaro (PL) falou sobre a tentativa da imprensa de associ\u00e1-lo ao\u00a0<a rel=\"noreferrer noopener\" href=\"https:\/\/pleno.news\/brasil\/cidades\/homem-que-assassinou-a-ex-e-o-filho-tem-tatuagem-de-lula.html\" target=\"_blank\">homem que matou a ex-mulher e o filho de 2 anos<\/a>, nesta segunda-feira (12), em S\u00e3o Paulo. Conforme escreveu o presidente nas redes sociais, a narrativa s\u00f3 n\u00e3o foi adiante porque o criminoso tem o rosto de Lula (PT) tatuado no bra\u00e7o.<\/p>\n\n\n\n<p>\u2013 Ap\u00f3s mais uma tentativa covarde de me associar a um crime brutal sem o menor fundamento, a imprensa teve que descartar a narrativa por conta de uma tatuagem de Lula no bra\u00e7o do assassino. Dificilmente seguir\u00e3o dando destaque, prova de que a preocupa\u00e7\u00e3o nunca foi com as v\u00edtimas \u2013 escreveu em seu perfil no Twitter.<\/p>\n\n\n\n<figure class=\"wp-block-image\"><img src=\"https:\/\/static.cdn.pleno.news\/2022\/09\/Screenshot_1818.png\" alt=\"\" class=\"wp-image-1010962\"\/><\/figure>\n\n\n\n<p>Ezequiel Lemos Ramos, o autor do crime, \u00e9 um colecionador de armas e atirador desportivo e ca\u00e7ador (CAC). O armamento da popula\u00e7\u00e3o civil \u00e9 um t\u00f3pico amplamente defendido por Jair Bolsonaro. Os ve\u00edculos, por sua vez, ainda que n\u00e3o mencionassem o nome do chefe do Executivo, deram bastante \u00eanfase ao fato, \u201cignorando\u201d que o criminoso \u00e9 um apoiador do ex-presidente petista.<\/p>\n\n\n\n<p>\u2013 O fato \u00e9 que, se n\u00e3o existisse essa tatuagem, jornais ainda estariam explorando mais uma narrativa mentirosa para tentar convencer inocentes de que as milh\u00f5es de pessoas que me apoiam, homens, mulheres, jovens e idosos, compactuam de alguma forma com esse tipo de barbaridade \u2013 disse Bolsonaro.<\/p>\n\n\n\n<p>E continuou:<\/p>\n\n\n\n<p>\u2013 Tamanho desrespeito n\u00e3o atinge somente o povo, que j\u00e1 demonstrou in\u00fameras vezes seu car\u00e1ter ordeiro e que se manteve pac\u00edfico mesmo diante do abuso da corrup\u00e7\u00e3o e da viol\u00eancia na era petista, mas principalmente as v\u00edtimas desse crime, reduzidas a meras ferramentas de campanha \u2013 escreveu.<\/p>\n\n\n\n<figure class=\"wp-block-image\"><img src=\"https:\/\/static.cdn.pleno.news\/2022\/09\/Screenshot_1817.png\" alt=\"\" class=\"wp-image-1010963\"\/><\/figure>\n\n\n\n<p><strong>O CRIME<br><\/strong>Ezequiel Lemos Ramos, de 39 anos, matou a ex-mulher Michelli Nicolich, de 37 anos, e o filho mais novo do casal, de 2 anos. O crime ocorreu em frente a uma escolinha na Zona Leste de S\u00e3o Paulo.<\/p>\n\n\n\n<p>Michelli estava no ve\u00edculo, um Fiat Uno branco, com os dois filhos, de 2 e 5 anos, logo ap\u00f3s busc\u00e1-los na escola infantil O Rei Le\u00e3o, na Avenida Rodolfo Pirani, no Parque S\u00e3o Rafael. Uma c\u00e2mera de seguran\u00e7a registrou o momento em que o carro de Michelli sai do controle e bate em um poste. Em seguida, o ex-marido surge correndo e atira contra a janela do carro.<\/p>\n\n\n\n<p>A crian\u00e7a de 5 anos n\u00e3o foi atingida. Mas Michelli e o filho ca\u00e7ula, mesmo tendo sido levados com vida a um hospital da regi\u00e3o, n\u00e3o resistiram aos ferimentos a bala.<\/p>\n\n\n\n<p>Ezequiel acabou se rendendo, sem a arma, e detido em flagrante por um policial militar de folga. Ele foi encaminhado para o 49\u00ba Distrito Policial (DP), onde foi indiciado por duplo homic\u00eddio doloso qualificado por feminic\u00eddio e emboscada e tentativa de homic\u00eddio.<\/p>\n","protected":false},"excerpt":{"rendered":"<p>O presidente Jair Bolsonaro (PL) falou sobre a tentativa da imprensa de associ\u00e1-lo ao\u00a0homem que matou a ex-mulher e o filho de 2 anos, nesta segunda-feira (12), em S\u00e3o Paulo. Conforme escreveu o presidente nas redes sociais, a narrativa s\u00f3 n\u00e3o foi adiante porque o criminoso tem o rosto de Lula (PT) tatuado no bra\u00e7o. [&hellip;]<\/p>\n","protected":false},"author":2,"featured_media":12470,"comment_status":"open","ping_status":"open","sticky":false,"template":"","format":"standard","meta":[],"categories":[10],"tags":[],"_links":{"self":[{"href":"https:\/\/dgospel.com.br\/portal\/index.php\/wp-json\/wp\/v2\/posts\/12469"}],"collection":[{"href":"https:\/\/dgospel.com.br\/portal\/index.php\/wp-json\/wp\/v2\/posts"}],"about":[{"href":"https:\/\/dgospel.com.br\/portal\/index.php\/wp-json\/wp\/v2\/types\/post"}],"author":[{"embeddable":true,"href":"https:\/\/dgospel.com.br\/portal\/index.php\/wp-json\/wp\/v2\/users\/2"}],"replies":[{"embeddable":true,"href":"https:\/\/dgospel.com.br\/portal\/index.php\/wp-json\/wp\/v2\/comments?post=12469"}],"version-history":[{"count":1,"href":"https:\/\/dgospel.com.br\/portal\/index.php\/wp-json\/wp\/v2\/posts\/12469\/revisions"}],"predecessor-version":[{"id":12471,"href":"https:\/\/dgospel.com.br\/portal\/index.php\/wp-json\/wp\/v2\/posts\/12469\/revisions\/12471"}],"wp:featuredmedia":[{"embeddable":true,"href":"https:\/\/dgospel.com.br\/portal\/index.php\/wp-json\/wp\/v2\/media\/12470"}],"wp:attachment":[{"href":"https:\/\/dgospel.com.br\/portal\/index.php\/wp-json\/wp\/v2\/media?parent=12469"}],"wp:term":[{"taxonomy":"category","embeddable":true,"href":"https:\/\/dgospel.com.br\/portal\/index.php\/wp-json\/wp\/v2\/categories?post=12469"},{"taxonomy":"post_tag","embeddable":true,"href":"https:\/\/dgospel.com.br\/portal\/index.php\/wp-json\/wp\/v2\/tags?post=12469"}],"curies":[{"name":"wp","href":"https:\/\/api.w.org\/{rel}","templated":true}]}}