{"id":12472,"date":"2022-09-14T21:51:55","date_gmt":"2022-09-15T00:51:55","guid":{"rendered":"http:\/\/dgospel.com.br\/portal\/?p=12472"},"modified":"2022-09-14T21:51:57","modified_gmt":"2022-09-15T00:51:57","slug":"apos-apoiar-lula-pastor-deixa-a-lideranca-de-convencao-batista","status":"publish","type":"post","link":"https:\/\/dgospel.com.br\/portal\/index.php\/2022\/09\/14\/apos-apoiar-lula-pastor-deixa-a-lideranca-de-convencao-batista\/","title":{"rendered":"Ap\u00f3s apoiar Lula, pastor deixa a lideran\u00e7a de conven\u00e7\u00e3o batista"},"content":{"rendered":"\n<p>Em reuni\u00e3o com a diretoria da Conven\u00e7\u00e3o Batista Carioca (CBC) realizada na manh\u00e3 desta quarta-feira (14), o pastor S\u00e9rgio Dusilek renunciou \u00e0 presid\u00eancia da institui\u00e7\u00e3o, ap\u00f3s ter apoiado a elei\u00e7\u00e3o do ex-presidente Luiz In\u00e1cio Lula da Silva (PT).<\/p>\n\n\n\n<p>Na nota p\u00fablica divulgada, a conven\u00e7\u00e3o reconhece \u201cos constrangimentos altamente prejudiciais aos batistas\u201d causados pela fala do religioso durante um evento partid\u00e1rio realizado na \u00faltima sexta-feira (9) na cidade de S\u00e3o Gon\u00e7alo, Regi\u00e3o Metropolitana do Rio de Janeiro.<\/p>\n\n\n\n<p>Dusilek elogiou os governos de Lula e disse ainda que a Igreja evang\u00e9lica brasileira tem que pedir perd\u00e3o a ele.<\/p>\n\n\n\n<p>\u2013 Embora o ex-presidente declare que a sua fala tenha sido estritamente de cunho pessoal, percebemos a impossibilidade de separar tal discurso da fun\u00e7\u00e3o exercida na presid\u00eancia e, por sua vez, da imagem da CBC e dos batistas \u2013 diz trecho da nota.<\/p>\n\n\n\n<p>O documento refor\u00e7a ainda aos pastores batistas que evitem compromissos p\u00fablicos de natureza pol\u00edtico-partid\u00e1ria e ainda pede perd\u00e3o a todos que se sentiram feridos ou constrangidos pelo discurso do agora ex-presidente da CBC.<\/p>\n","protected":false},"excerpt":{"rendered":"<p>Em reuni\u00e3o com a diretoria da Conven\u00e7\u00e3o Batista Carioca (CBC) realizada na manh\u00e3 desta quarta-feira (14), o pastor S\u00e9rgio Dusilek renunciou \u00e0 presid\u00eancia da institui\u00e7\u00e3o, ap\u00f3s ter apoiado a elei\u00e7\u00e3o do ex-presidente Luiz In\u00e1cio Lula da Silva (PT). Na nota p\u00fablica divulgada, a conven\u00e7\u00e3o reconhece \u201cos constrangimentos altamente prejudiciais aos batistas\u201d causados pela fala do [&hellip;]<\/p>\n","protected":false},"author":2,"featured_media":12473,"comment_status":"open","ping_status":"open","sticky":false,"template":"","format":"standard","meta":[],"categories":[5],"tags":[13],"_links":{"self":[{"href":"https:\/\/dgospel.com.br\/portal\/index.php\/wp-json\/wp\/v2\/posts\/12472"}],"collection":[{"href":"https:\/\/dgospel.com.br\/portal\/index.php\/wp-json\/wp\/v2\/posts"}],"about":[{"href":"https:\/\/dgospel.com.br\/portal\/index.php\/wp-json\/wp\/v2\/types\/post"}],"author":[{"embeddable":true,"href":"https:\/\/dgospel.com.br\/portal\/index.php\/wp-json\/wp\/v2\/users\/2"}],"replies":[{"embeddable":true,"href":"https:\/\/dgospel.com.br\/portal\/index.php\/wp-json\/wp\/v2\/comments?post=12472"}],"version-history":[{"count":1,"href":"https:\/\/dgospel.com.br\/portal\/index.php\/wp-json\/wp\/v2\/posts\/12472\/revisions"}],"predecessor-version":[{"id":12474,"href":"https:\/\/dgospel.com.br\/portal\/index.php\/wp-json\/wp\/v2\/posts\/12472\/revisions\/12474"}],"wp:featuredmedia":[{"embeddable":true,"href":"https:\/\/dgospel.com.br\/portal\/index.php\/wp-json\/wp\/v2\/media\/12473"}],"wp:attachment":[{"href":"https:\/\/dgospel.com.br\/portal\/index.php\/wp-json\/wp\/v2\/media?parent=12472"}],"wp:term":[{"taxonomy":"category","embeddable":true,"href":"https:\/\/dgospel.com.br\/portal\/index.php\/wp-json\/wp\/v2\/categories?post=12472"},{"taxonomy":"post_tag","embeddable":true,"href":"https:\/\/dgospel.com.br\/portal\/index.php\/wp-json\/wp\/v2\/tags?post=12472"}],"curies":[{"name":"wp","href":"https:\/\/api.w.org\/{rel}","templated":true}]}}