{"id":12490,"date":"2022-09-15T21:21:41","date_gmt":"2022-09-16T00:21:41","guid":{"rendered":"http:\/\/dgospel.com.br\/portal\/?p=12490"},"modified":"2022-09-15T21:21:42","modified_gmt":"2022-09-16T00:21:42","slug":"conheca-as-propostas-do-plano-de-governo-de-jair-bolsonaro","status":"publish","type":"post","link":"https:\/\/dgospel.com.br\/portal\/index.php\/2022\/09\/15\/conheca-as-propostas-do-plano-de-governo-de-jair-bolsonaro\/","title":{"rendered":"Conhe\u00e7a as propostas do plano de governo de Jair Bolsonaro"},"content":{"rendered":"\n<p>Candidato ao reelei\u00e7\u00e3o, o presidente Jair Bolsonaro apresentou, ao Tribunal Superior Eleitoral (TSE), seu plano de governo para um pr\u00f3ximo mandato. O documento \u00e9 mais \u201crobusto\u201d do que o\u00a0<a href=\"https:\/\/pleno.news\/brasil\/eleicoes-2018\/conheca-o-plano-de-governo-do-candidato-jair-bolsonaro.html\">plano registrado em 2018<\/a>, quando venceu a Presid\u00eancia.<\/p>\n\n\n\n<p>Com um total de 48 p\u00e1ginas, o novo plano de governo inicia destacando a frase \u201cpelo bem do Brasil\u201d. AL\u00e9m disso, deixa claro que a \u201cliberdade \u00e9 t\u00e3o importante quanto a pr\u00f3pria vida\u201d. Com isso, traz alguns pontos falando sobre liberdade econ\u00f4mica, liberdade de express\u00e3o, liberdade religiosa e liberdade para a defesa dos direitos e liberdade para o uso respons\u00e1vel dos recursos naturais.<\/p>\n\n\n\n<p>No documento, Bolsonaro cita que, antes de seu governo, \u201co modelo de gest\u00e3o implantado no brasil favoreceu a prolifera\u00e7\u00e3o da pobreza, ao mesmo tempo em que impediu a implementa\u00e7\u00e3o de um desenvolvimento econ\u00f4mico seguro, pr\u00f3spero e sustent\u00e1vel a longo prazo\u201d.<\/p>\n\n\n\n<p>O candidato \u00e0 reelei\u00e7\u00e3o destaca ainda que o \u201cnovo modelo de gest\u00e3o implementado no governo Jair Bolsonaro provou que a prosperidade de uma na\u00e7\u00e3o est\u00e1 diretamente ligada a programas sociais que necessariamente devem estar atrelados a pol\u00edticas p\u00fablicas que favorecem a gera\u00e7\u00e3o de emprego\u201d.<\/p>\n\n\n\n<p>Outro ponto importante citado no documento afirma que \u201d<\/p>\n\n\n\n<p>\u00e9 preciso estar \u00e0 frente de nossas necessidades para propiciar um Estado que possa responder os desafios presentes e futuros, onde o talento da popula\u00e7\u00e3o brasileira (entenda-se capacita\u00e7\u00e3o), como um novo fator de produ\u00e7\u00e3o em uma economia 4.0, al\u00e9m dos tradicionais, e a capacidade tecnol\u00f3gica ser\u00e3o fundamentais para o nosso desenvolvimento\u201d.<\/p>\n\n\n\n<p>Para ajud\u00e1-lo a entender melhor o que prop\u00f5e Bolsonaro, o&nbsp;<strong>Pleno.News&nbsp;<\/strong>apresenta alguns dos principais pontos:<\/p>\n\n\n\n<p><strong>SA\u00daDE e&nbsp;<\/strong><strong>EDUCA\u00c7\u00c3O<\/strong><\/p>\n\n\n\n<p>O plano junta as a\u00e7\u00f5es de sa\u00fade e educa\u00e7\u00e3o e define os seguintes pontos:<\/p>\n\n\n\n<p>a) Avan\u00e7ar e Consolidar a Melhoria no Acesso aos Servi\u00e7os de Sa\u00fade com Qualidade;<br>b) Seguir Recuperando e Avan\u00e7ando na Amplia\u00e7\u00e3o do Acesso e Perman\u00eancia \u00e0 Educa\u00e7\u00e3o em Todos os seus N\u00edveis e Modalidades;<br>c) Ampliar e Fortalecer a Pol\u00edtica Nacional de Esporte e do Fomento do Exerc\u00edcio F\u00edsico;<br>d) Ampliar e Fortalecer a Pol\u00edtica Nacional de Cultura;<br>e) Ampliar e Fortalecer as Pol\u00edticas e Programas Direcionados \u00e0s Mulheres, Crian\u00e7as e Adolescentes, Pessoas Idosas e Pessoas com Defici\u00eancia;<br>f) Assist\u00eancia Social para Autonomia das Fam\u00edlias;<br>g) Promover o Acesso \u00e0 \u00c1gua Pot\u00e1vel e ao Saneamento B\u00e1sico como um Direito Social Fundamental;<br>h) Promover os Direitos Humanos para Todos;<br>i) Promover o Bem-Estar Para Todos.<\/p>\n\n\n\n<p>Nestas \u00e1reas, o plano ressalta que o \u201cgoverno Bolsonaro entende a fam\u00edlia como c\u00e9lula ou base da sociedade, defendendo o seu direito e o fortalecimento dos v\u00ednculos familiares e intergeracionais, e compreende o papel da mulher na sociedade moderna, afinal cabe a elas chefiar cerca de 50% das fam\u00edlias no Brasil\u201d.<\/p>\n\n\n\n<p>Al\u00e9m disso, deixou claro a \u201cnecessidade de continuar adequando e fortalecendo os servi\u00e7os de sa\u00fade para atendimento \u00e0s novas demandas decorrentes do envelhecimento populacional de forma integrada com outras a\u00e7\u00f5es e outros servi\u00e7os p\u00fablicos, com \u00eanfase na promo\u00e7\u00e3o do envelhecimento saud\u00e1vel e do aumento da autonomia das pessoas idosas\u201d.<\/p>\n\n\n\n<p><strong>SEGURAN\u00c7A<\/strong><\/p>\n\n\n\n<p>Em seguran\u00e7a, o documento cita os pontos:<\/p>\n\n\n\n<p>a) Promover e Fortalecer a Seguran\u00e7a Jur\u00eddica;<br>b) Promover a Seguran\u00e7a Alimentar e a Alimenta\u00e7\u00e3o Saud\u00e1vel;<br>c) Fortalecer a Seguran\u00e7a Energ\u00e9tica do Pa\u00eds;<br>d) Fortalecer e Garantir a Seguran\u00e7a P\u00fablica e Cidad\u00e3;<br>e) Fortalecer e Garantir a Seguran\u00e7a no Campo.<\/p>\n\n\n\n<p>Uma das a\u00e7\u00f5es citadas foi o \u201caumento e continuidade dos investimentos nos \u00d3rg\u00e3os de Seguran\u00e7a P\u00fablica e nas For\u00e7as Armadas, assim como o aperfei\u00e7oamento dos seus planos de carreira e de remunera\u00e7\u00e3o, da sua retaguarda jur\u00eddica e da continuidade da melhor capacita\u00e7\u00e3o de seus quadros\u201d.<\/p>\n\n\n\n<p><strong>ECONOMIA<\/strong><\/p>\n\n\n\n<p>Na parte de economia, s\u00e3o apontados os seguintes t\u00f3picos:<\/p>\n\n\n\n<p>a) Avan\u00e7ar e Consolidar as Pol\u00edticas de Gera\u00e7\u00e3o de Emprego e Renda;<br>b) Promover o Crescimento Sustentado do PIB no M\u00e9dio e Longo Prazo;<br>c) Promover e Fortalecer a Capacidade de Agrega\u00e7\u00e3o de Valor da Agropecu\u00e1ria e da Minera\u00e7\u00e3o;<br>d) Fortalecer as A\u00e7\u00f5es de Promo\u00e7\u00e3o da Produtividade da Economia Brasileira;<br>e) Fortalecer e Ampliar a Digitaliza\u00e7\u00e3o como Instrumento de Competitividade e Melhoria no Acesso a Servi\u00e7os Essenciais;<br>f) Ampliar e Consolidar a Conectividade Mediante a Implanta\u00e7\u00e3o das Telecomunica\u00e7\u00f5es com Tecnologia.<\/p>\n\n\n\n<p>Um dos exemplos citado \u00e9 o \u201cPrograma Descomplica Trabalhista. Um mercado livre de trabalho, seguro e fl ex\u00edvel, para que o emprego no pa\u00eds alcance n\u00edveis internacionalmente competitivos, gerando renda e prosperidade aos brasileiros\u201d.<\/p>\n\n\n\n<p>O documento completo pode ser lido&nbsp;<a href=\"https:\/\/static.cdn.pleno.news\/2022\/08\/PLANO-DE-GOVERNO-DE-BOLSONARO.pdf\">aqui<\/a>.<\/p>\n","protected":false},"excerpt":{"rendered":"<p>Candidato ao reelei\u00e7\u00e3o, o presidente Jair Bolsonaro apresentou, ao Tribunal Superior Eleitoral (TSE), seu plano de governo para um pr\u00f3ximo mandato. O documento \u00e9 mais \u201crobusto\u201d do que o\u00a0plano registrado em 2018, quando venceu a Presid\u00eancia. Com um total de 48 p\u00e1ginas, o novo plano de governo inicia destacando a frase \u201cpelo bem do Brasil\u201d. [&hellip;]<\/p>\n","protected":false},"author":2,"featured_media":12491,"comment_status":"open","ping_status":"open","sticky":false,"template":"","format":"standard","meta":[],"categories":[4],"tags":[13],"_links":{"self":[{"href":"https:\/\/dgospel.com.br\/portal\/index.php\/wp-json\/wp\/v2\/posts\/12490"}],"collection":[{"href":"https:\/\/dgospel.com.br\/portal\/index.php\/wp-json\/wp\/v2\/posts"}],"about":[{"href":"https:\/\/dgospel.com.br\/portal\/index.php\/wp-json\/wp\/v2\/types\/post"}],"author":[{"embeddable":true,"href":"https:\/\/dgospel.com.br\/portal\/index.php\/wp-json\/wp\/v2\/users\/2"}],"replies":[{"embeddable":true,"href":"https:\/\/dgospel.com.br\/portal\/index.php\/wp-json\/wp\/v2\/comments?post=12490"}],"version-history":[{"count":1,"href":"https:\/\/dgospel.com.br\/portal\/index.php\/wp-json\/wp\/v2\/posts\/12490\/revisions"}],"predecessor-version":[{"id":12492,"href":"https:\/\/dgospel.com.br\/portal\/index.php\/wp-json\/wp\/v2\/posts\/12490\/revisions\/12492"}],"wp:featuredmedia":[{"embeddable":true,"href":"https:\/\/dgospel.com.br\/portal\/index.php\/wp-json\/wp\/v2\/media\/12491"}],"wp:attachment":[{"href":"https:\/\/dgospel.com.br\/portal\/index.php\/wp-json\/wp\/v2\/media?parent=12490"}],"wp:term":[{"taxonomy":"category","embeddable":true,"href":"https:\/\/dgospel.com.br\/portal\/index.php\/wp-json\/wp\/v2\/categories?post=12490"},{"taxonomy":"post_tag","embeddable":true,"href":"https:\/\/dgospel.com.br\/portal\/index.php\/wp-json\/wp\/v2\/tags?post=12490"}],"curies":[{"name":"wp","href":"https:\/\/api.w.org\/{rel}","templated":true}]}}