{"id":12496,"date":"2022-09-15T21:53:41","date_gmt":"2022-09-16T00:53:41","guid":{"rendered":"http:\/\/dgospel.com.br\/portal\/?p=12496"},"modified":"2022-09-15T21:53:42","modified_gmt":"2022-09-16T00:53:42","slug":"bolsonaro-parabeniza-malafaia-em-culto-meu-conselheiro","status":"publish","type":"post","link":"https:\/\/dgospel.com.br\/portal\/index.php\/2022\/09\/15\/bolsonaro-parabeniza-malafaia-em-culto-meu-conselheiro\/","title":{"rendered":"Bolsonaro parabeniza Malafaia em culto: \u201cMeu conselheiro\u201d"},"content":{"rendered":"\n<p>Na noite desta quinta-feira (15), o presidente Jair Bolsonaro esteve na sede da Assembleia de Deus Vit\u00f3ria em Cristo (ADVEC), no Rio de Janeiro, para participar do culto de anivers\u00e1rio do pastor Silas Malafaia.<\/p>\n\n\n\n<p>Autoridades pol\u00edticas estiveram presentes ao culto de a\u00e7\u00e3o de gra\u00e7as, entre elas o ministro da Secretaria-Geral da Presid\u00eancia da Rep\u00fablica; o governador do Rio de Janeiro, Cl\u00e1udio Castro; o senador Rom\u00e1rio; o deputado federal S\u00f3stenes Cavalcante; o vereador do Rio de Janeiro Alexandre Isquierdo; entre outros.<\/p>\n\n\n\n<p>Pastores de diversas denomina\u00e7\u00f5es tamb\u00e9m participaram do culto e prestaram homenagens ao l\u00edder da ADVEC, entre eles o ap\u00f3stolo Ren\u00ea Terra Nova, o pastor Ezequiel Teixeira, o pastor Marco Ant\u00f4nio Peixoto, entre outros.<\/p>\n\n\n\n<p>Os pastores da ADVEC Odilon Santos e Odilton Angelo e suas esposas, Eyshila e Jozyanne, tamb\u00e9m estiveram presentes.<\/p>\n\n\n\n<p>Durante a oportunidade que teve, o presidente Jair Bolsonaro comentou sobre a amizade que tem com Malafaia, que foi o pastor que realizou seu casamento com Michelle, em 2013.<\/p>\n\n\n\n<p>\u2013 Ele \u00e9 meu conselheiro mesmo. Por vezes, por conta das altas temperaturas, eu n\u00e3o abro os \u00e1udios dele e ele fica irritado comigo. Eu falo: \u201cSilas, eu n\u00e3o vou ouvir o seu \u00e1udio porque quero continuar sendo seu amigo\u201d. Esse \u00e9 o amigo de verdade, que bota para fora, que fala, reclama e d\u00e1 sua opini\u00e3o. Ao final \u00e9 a amizade acima de tudo, porque somos passageiros aqui \u2013 revelou.<\/p>\n\n\n\n<p>Bolsonaro tamb\u00e9m falou que se pega pensando em como ele se tornou presidente da Rep\u00fablica e da miss\u00e3o que ele tem para com o povo brasileiro.<\/p>\n\n\n\n<p>\u2013 Eu jamais esperava ser presidente e \u00e0s vezes me pergunto n\u00e3o como cheguei aqui [presid\u00eancia], mas porqu\u00ea cheguei. Para mim, seria muito mais f\u00e1cil estar do outro lado da Esplanada, mas decidi ficar do lado da nossa consci\u00eancia, da nossa cren\u00e7a e desse povo ao qual devo lealdade. Tenho certeza que o bem vai continuar vencendo o mal \u2013 afirmou.<\/p>\n\n\n\n<p>O presidente tamb\u00e9m falou sobre a defesa da liberdade de assuntos de interesse de todos os evang\u00e9licos e conservadores como a n\u00e3o legaliza\u00e7\u00e3o do aborto, das drogas e contra a ideologia de g\u00eanero.<\/p>\n\n\n\n<p>Ap\u00f3s a participa\u00e7\u00e3o do chefe do Executivo, o pastor Cl\u00e1udio Duarte iniciou a prega\u00e7\u00e3o do culto de anivers\u00e1rio.<\/p>\n\n\n\n<p>O pastor Silas Malafaia completou 64 anos nesta quarta-feira (14).<\/p>\n\n\n\n<p>.<\/p>\n\n\n\n<figure class=\"wp-block-image\"><img src=\"https:\/\/static.cdn.pleno.news\/2022\/09\/F47D9B46-2F91-4EC3-986E-F51ACC79AA89-768x433.jpeg\" alt=\"Jair Bolsonaro no culto do pastor Silas Malafaia\" title=\"Jair Bolsonaro no culto do pastor Silas Malafaia\"\/><figcaption>Jair Bolsonaro no culto do pastor Silas Malafaia&nbsp;\/ Foto: Reprodu\u00e7\u00e3o \/ Prints de v\u00eddeos publicados nas redes sociais<\/figcaption><\/figure>\n\n\n\n<figure class=\"wp-block-image\"><img src=\"https:\/\/static.cdn.pleno.news\/2022\/09\/DFE50402-88CF-4E8F-AD82-53707878B477-768x433.jpeg\" alt=\"Jair Bolsonaro no culto do pastor Silas Malafaia\" title=\"Jair Bolsonaro no culto do pastor Silas Malafaia\"\/><figcaption>Jair Bolsonaro no culto do pastor Silas Malafaia&nbsp;\/ Foto: Reprodu\u00e7\u00e3o \/ Prints de v\u00eddeos publicados nas redes sociais<\/figcaption><\/figure>\n\n\n\n<figure class=\"wp-block-image\"><img src=\"https:\/\/static.cdn.pleno.news\/2022\/09\/113DA9BD-DCC7-4920-A368-063424B0B374-768x431.jpeg\" alt=\"Jair Bolsonaro no culto do pastor Silas Malafaia\" title=\"Jair Bolsonaro no culto do pastor Silas Malafaia\"\/><figcaption>Jair Bolsonaro no culto do pastor Silas Malafaia&nbsp;\/ Foto: Reprodu\u00e7\u00e3o \/ Prints de v\u00eddeos publicados nas redes sociais<\/figcaption><\/figure>\n\n\n\n<figure class=\"wp-block-image\"><img src=\"https:\/\/static.cdn.pleno.news\/2022\/09\/81186C2A-B8A0-434C-A041-85A719E65337-768x432.jpeg\" alt=\"Jair Bolsonaro no culto do pastor Silas Malafaia\" title=\"Jair Bolsonaro no culto do pastor Silas Malafaia\"\/><figcaption>Jair Bolsonaro no culto do pastor Silas Malafaia&nbsp;\/ Foto: Reprodu\u00e7\u00e3o \/ Prints de v\u00eddeos publicados nas redes sociais<\/figcaption><\/figure>\n\n\n\n<figure class=\"wp-block-image\"><img src=\"https:\/\/static.cdn.pleno.news\/2022\/09\/F33C3132-7C8C-4F12-8101-D20E9767041C-768x434.jpeg\" alt=\"Jair Bolsonaro no culto do pastor Silas Malafaia\" title=\"Jair Bolsonaro no culto do pastor Silas Malafaia\"\/><figcaption>Jair Bolsonaro no culto do pastor Silas Malafaia&nbsp;\/ Foto: Reprodu\u00e7\u00e3o \/ Prints de v\u00eddeos publicados nas redes sociais<\/figcaption><\/figure>\n\n\n\n<figure class=\"wp-block-image\"><img src=\"https:\/\/static.cdn.pleno.news\/2022\/09\/99C8C3F9-C70F-4B53-8BEA-3C955B01C1AC-768x437.jpeg\" alt=\"Jair Bolsonaro no culto do pastor Silas Malafaia\" title=\"Jair Bolsonaro no culto do pastor Silas Malafaia\"\/><figcaption>Jair Bolsonaro no culto do pastor Silas Malafaia&nbsp;\/ Foto: Reprodu\u00e7\u00e3o \/ Prints de v\u00eddeos publicados nas redes sociais<\/figcaption><\/figure>\n\n\n\n<figure class=\"wp-block-image\"><img src=\"https:\/\/static.cdn.pleno.news\/2022\/09\/E1027F91-666B-40D1-9B6A-C071585B6E2C-768x431.jpeg\" alt=\"Jair Bolsonaro no culto do pastor Silas Malafaia\" title=\"Jair Bolsonaro no culto do pastor Silas Malafaia\"\/><figcaption>Jair Bolsonaro no culto do pastor Silas Malafaia&nbsp;\/ Foto: Reprodu\u00e7\u00e3o \/ Prints de v\u00eddeos publicados nas redes sociais<\/figcaption><\/figure>\n\n\n\n<figure class=\"wp-block-image\"><img src=\"https:\/\/static.cdn.pleno.news\/2022\/09\/B0D94D0E-E480-4BBB-8DAF-7CF5693EAC19-768x432.jpeg\" alt=\"Jair Bolsonaro no culto do pastor Silas Malafaia\" title=\"Jair Bolsonaro no culto do pastor Silas Malafaia\"\/><figcaption>Jair Bolsonaro no culto do pastor Silas Malafaia&nbsp;\/ Foto: Reprodu\u00e7\u00e3o \/ Prints de v\u00eddeos publicados nas redes sociais<\/figcaption><\/figure>\n\n\n\n<figure class=\"wp-block-image\"><img src=\"https:\/\/static.cdn.pleno.news\/2022\/09\/94CA203F-650C-41D8-9FB2-899C7A8E1807-768x431.jpeg\" alt=\"Jair Bolsonaro no culto do pastor Silas Malafaia\" title=\"Jair Bolsonaro no culto do pastor Silas Malafaia\"\/><figcaption>Jair Bolsonaro no culto do pastor Silas Malafaia&nbsp;\/ Foto: Reprodu\u00e7\u00e3o \/ Prints de v\u00eddeos publicados nas redes sociais<\/figcaption><\/figure>\n\n\n\n<figure class=\"wp-block-image\"><img src=\"https:\/\/static.cdn.pleno.news\/2022\/09\/6A79910C-0968-4317-8210-035FD56BD7F0-768x431.jpeg\" alt=\"Jair Bolsonaro no culto do pastor Silas Malafaia\" title=\"Jair Bolsonaro no culto do pastor Silas Malafaia\"\/><figcaption>Jair Bolsonaro no culto do pastor Silas Malafaia&nbsp;\/ Foto: Reprodu\u00e7\u00e3o \/ Prints de v\u00eddeos publicados nas redes sociais<\/figcaption><\/figure>\n\n\n\n<figure class=\"wp-block-image\"><img src=\"https:\/\/static.cdn.pleno.news\/2022\/09\/6FBB5AD6-DDC1-4B71-9FB0-D8C632A03DAD-768x432.jpeg\" alt=\"Jair Bolsonaro no culto do pastor Silas Malafaia\" title=\"Jair Bolsonaro no culto do pastor Silas Malafaia\"\/><figcaption>Jair Bolsonaro no culto do pastor Silas Malafaia&nbsp;\/ Foto: Reprodu\u00e7\u00e3o \/ Prints de v\u00eddeos publicados nas redes sociais<\/figcaption><\/figure>\n\n\n\n<figure class=\"wp-block-image\"><img src=\"https:\/\/static.cdn.pleno.news\/2022\/09\/B91521EC-FA80-491A-AC34-69FB7755A039-768x429.jpeg\" alt=\"Jair Bolsonaro no culto do pastor Silas Malafaia\" title=\"Jair Bolsonaro no culto do pastor Silas Malafaia\"\/><figcaption>Jair Bolsonaro no culto do pastor Silas Malafaia&nbsp;\/ Foto: Reprodu\u00e7\u00e3o \/ Prints de v\u00eddeos publicados nas redes sociais<\/figcaption><\/figure>\n\n\n\n<figure class=\"wp-block-image\"><img src=\"https:\/\/static.cdn.pleno.news\/2022\/09\/1E250A6A-C76B-4E5B-A3CA-63ABF0B403F2-768x431.jpeg\" alt=\"Jair Bolsonaro no culto do pastor Silas Malafaia\" title=\"Jair Bolsonaro no culto do pastor Silas Malafaia\"\/><figcaption>Jair Bolsonaro no culto do pastor Silas Malafaia&nbsp;\/ Foto: Reprodu\u00e7\u00e3o \/ Prints de v\u00eddeos publicados nas redes sociais<\/figcaption><\/figure>\n\n\n\n<figure class=\"wp-block-image\"><img src=\"https:\/\/static.cdn.pleno.news\/2022\/09\/1B8C449B-FE77-4439-A440-244AB6D3AC25-768x427.jpeg\" alt=\"Jair Bolsonaro no culto do pastor Silas Malafaia\" title=\"Jair Bolsonaro no culto do pastor Silas Malafaia\"\/><figcaption>Jair Bolsonaro no culto do pastor Silas Malafaia&nbsp;\/ Foto: Reprodu\u00e7\u00e3o \/ Prints de v\u00eddeos publicados nas redes sociais<\/figcaption><\/figure>\n\n\n\n<figure class=\"wp-block-image\"><img src=\"https:\/\/static.cdn.pleno.news\/2022\/09\/B957225A-F59E-4DC1-BF2B-A2125D67E5B4-768x429.jpeg\" alt=\"Jair Bolsonaro no culto do pastor Silas Malafaia\" title=\"Jair Bolsonaro no culto do pastor Silas Malafaia\"\/><figcaption>Jair Bolsonaro no culto do pastor Silas Malafaia&nbsp;\/ Foto: Reprodu\u00e7\u00e3o \/ Prints de v\u00eddeos publicados nas redes sociais<\/figcaption><\/figure>\n\n\n\n<figure class=\"wp-block-image\"><img src=\"https:\/\/static.cdn.pleno.news\/2022\/09\/B75C28CA-6FD7-4103-B8AB-3D1EEB0CEF7C-768x429.jpeg\" alt=\"Jair Bolsonaro no culto do pastor Silas Malafaia\" title=\"Jair Bolsonaro no culto do pastor Silas Malafaia\"\/><figcaption>Jair Bolsonaro no culto do pastor Silas Malafaia&nbsp;\/ Foto: Reprodu\u00e7\u00e3o \/ Prints de v\u00eddeos publicados nas redes sociais<\/figcaption><\/figure>\n\n\n\n<figure class=\"wp-block-image\"><img src=\"https:\/\/static.cdn.pleno.news\/2022\/09\/DC2AD17E-DBEC-4F9C-9DA0-B935284852C2-768x435.jpeg\" alt=\"Jair Bolsonaro no culto do pastor Silas Malafaia\" title=\"Jair Bolsonaro no culto do pastor Silas Malafaia\"\/><figcaption>Jair Bolsonaro no culto do pastor Silas Malafaia&nbsp;\/ Foto: Reprodu\u00e7\u00e3o \/ Prints de v\u00eddeos publicados nas redes sociais<\/figcaption><\/figure>\n\n\n\n<figure class=\"wp-block-image\"><img src=\"https:\/\/static.cdn.pleno.news\/2022\/09\/A7707976-AA13-40B4-9A6D-869206D32C88-768x433.jpeg\" alt=\"Jair Bolsonaro no culto do pastor Silas Malafaia\" title=\"Jair Bolsonaro no culto do pastor Silas Malafaia\"\/><figcaption>Jair Bolsonaro no culto do pastor Silas Malafaia&nbsp;\/ Foto: Reprodu\u00e7\u00e3o \/ Prints de v\u00eddeos publicados nas redes sociais<\/figcaption><\/figure>\n\n\n\n<figure class=\"wp-block-image\"><img src=\"https:\/\/static.cdn.pleno.news\/2022\/09\/7C442CF4-54EE-4D2E-AAC4-7CF4D1A20356-768x433.jpeg\" alt=\"Jair Bolsonaro no culto do pastor Silas Malafaia\" title=\"Jair Bolsonaro no culto do pastor Silas Malafaia\"\/><figcaption>Jair Bolsonaro no culto do pastor Silas Malafaia&nbsp;\/ Foto: Reprodu\u00e7\u00e3o \/ Prints de v\u00eddeos publicados nas redes sociais<\/figcaption><\/figure>\n\n\n\n<ul><li>2&nbsp;de 19<\/li><\/ul>\n\n\n\n<p><\/p>\n","protected":false},"excerpt":{"rendered":"<p>Na noite desta quinta-feira (15), o presidente Jair Bolsonaro esteve na sede da Assembleia de Deus Vit\u00f3ria em Cristo (ADVEC), no Rio de Janeiro, para participar do culto de anivers\u00e1rio do pastor Silas Malafaia. Autoridades pol\u00edticas estiveram presentes ao culto de a\u00e7\u00e3o de gra\u00e7as, entre elas o ministro da Secretaria-Geral da Presid\u00eancia da Rep\u00fablica; o [&hellip;]<\/p>\n","protected":false},"author":2,"featured_media":12497,"comment_status":"open","ping_status":"open","sticky":false,"template":"","format":"standard","meta":[],"categories":[5],"tags":[],"_links":{"self":[{"href":"https:\/\/dgospel.com.br\/portal\/index.php\/wp-json\/wp\/v2\/posts\/12496"}],"collection":[{"href":"https:\/\/dgospel.com.br\/portal\/index.php\/wp-json\/wp\/v2\/posts"}],"about":[{"href":"https:\/\/dgospel.com.br\/portal\/index.php\/wp-json\/wp\/v2\/types\/post"}],"author":[{"embeddable":true,"href":"https:\/\/dgospel.com.br\/portal\/index.php\/wp-json\/wp\/v2\/users\/2"}],"replies":[{"embeddable":true,"href":"https:\/\/dgospel.com.br\/portal\/index.php\/wp-json\/wp\/v2\/comments?post=12496"}],"version-history":[{"count":1,"href":"https:\/\/dgospel.com.br\/portal\/index.php\/wp-json\/wp\/v2\/posts\/12496\/revisions"}],"predecessor-version":[{"id":12498,"href":"https:\/\/dgospel.com.br\/portal\/index.php\/wp-json\/wp\/v2\/posts\/12496\/revisions\/12498"}],"wp:featuredmedia":[{"embeddable":true,"href":"https:\/\/dgospel.com.br\/portal\/index.php\/wp-json\/wp\/v2\/media\/12497"}],"wp:attachment":[{"href":"https:\/\/dgospel.com.br\/portal\/index.php\/wp-json\/wp\/v2\/media?parent=12496"}],"wp:term":[{"taxonomy":"category","embeddable":true,"href":"https:\/\/dgospel.com.br\/portal\/index.php\/wp-json\/wp\/v2\/categories?post=12496"},{"taxonomy":"post_tag","embeddable":true,"href":"https:\/\/dgospel.com.br\/portal\/index.php\/wp-json\/wp\/v2\/tags?post=12496"}],"curies":[{"name":"wp","href":"https:\/\/api.w.org\/{rel}","templated":true}]}}