{"id":125,"date":"2018-05-14T09:31:06","date_gmt":"2018-05-14T12:31:06","guid":{"rendered":"http:\/\/dgospel.com.br\/portal\/?p=125"},"modified":"2018-05-14T09:35:08","modified_gmt":"2018-05-14T12:35:08","slug":"prefeitos-de-pindorama-ponte-alta-do-tocantins-e-monte-do-carmo-apoiam-vicentinho-pr-para-governador","status":"publish","type":"post","link":"https:\/\/dgospel.com.br\/portal\/index.php\/2018\/05\/14\/prefeitos-de-pindorama-ponte-alta-do-tocantins-e-monte-do-carmo-apoiam-vicentinho-pr-para-governador\/","title":{"rendered":"Prefeitos de Pindorama, Ponte Alta do Tocantins e Monte do Carmo apoiam Vicentinho para governador"},"content":{"rendered":"<div>O candidato a governador nas elei\u00e7\u00f5es suplementares marcadas para o dia 3 de junho\u00a0 pela coliga\u00e7\u00e3o A vez dos tocantinenses, Vicentinho Alves (PR), visitou neste domingo, 13, os munic\u00edpios de Pindorama, Ponte Alta do Tocantins e Monte do Carmo, onde recebeu o apoio dos prefeitos Silvo G\u00e1s, Cleber do Sacol\u00e3o e Date, respectivamente.<\/div>\n<div><\/div>\n<div>Juntamente com os prefeitos, hipotecaram apoio a Vicentinho ex-prefeitos, vice-prefeitos, vereadores e lideran\u00e7as pol\u00edticas e empresariais da regi\u00e3o. Os l\u00edderes que fizeram uso da palavra em todas as cidades foram un\u00e2nimes em reconhecer Vicentinho como o melhor candidato a governador para o mandato tamp\u00e3o (e para as elei\u00e7\u00f5es de outubro) devido \u00e0 sua larga experi\u00eancia na vida p\u00fablica e grande conhecimento das pessoas e dos problemas do estado.<\/div>\n<div><\/div>\n<div>Vicentinho reiterou o compromisso de equilibrar as contas p\u00fablicas e fazer um governo voltado para cuidar das pessoas e valorizar os munic\u00edpios. Comprometeu-se tamb\u00e9m em repassar rigorosamente\u00a0 em dia os recursos constitucionais destinados aos munic\u00edpios, como os do transporte escolar, sa\u00fade e ICMS.<\/div>\n<div><\/div>\n<div>A cada cidade visitada aumenta o calor da recep\u00e7\u00e3o ao filho da terra que colocou seu nome para disputar o cargo de governador, numa onda positiva que cresce na propor\u00e7\u00e3o em que o povo toma conhecimento de que chegou a vez de um tocantinense comandar os\u00a0 destinos de nossa terra.<\/div>\n<div><\/div>\n<div>Comitiva<\/div>\n<div><\/div>\n<div>Acompanharam Vicentinho na agenda deste domingo, 13, dona Adailde Alves, senador Ata\u00eddes de Oliveira, deputado federal Vicentinho J\u00fanior, ex-governadpr Raimundo Boi, deputado estadual Vilmar do Detran e o pr\u00e9-candidato a deputado estadual Major Edvards.<\/div>\n","protected":false},"excerpt":{"rendered":"<p>O candidato a governador nas elei\u00e7\u00f5es suplementares marcadas para o dia 3 de junho\u00a0 pela coliga\u00e7\u00e3o A vez dos tocantinenses, Vicentinho Alves (PR), visitou neste domingo, 13, os munic\u00edpios de Pindorama, Ponte Alta do Tocantins e Monte do Carmo, onde recebeu o apoio dos prefeitos Silvo G\u00e1s, Cleber do Sacol\u00e3o e Date, respectivamente. Juntamente com [&hellip;]<\/p>\n","protected":false},"author":2,"featured_media":126,"comment_status":"open","ping_status":"open","sticky":false,"template":"","format":"standard","meta":[],"categories":[2,4],"tags":[],"_links":{"self":[{"href":"https:\/\/dgospel.com.br\/portal\/index.php\/wp-json\/wp\/v2\/posts\/125"}],"collection":[{"href":"https:\/\/dgospel.com.br\/portal\/index.php\/wp-json\/wp\/v2\/posts"}],"about":[{"href":"https:\/\/dgospel.com.br\/portal\/index.php\/wp-json\/wp\/v2\/types\/post"}],"author":[{"embeddable":true,"href":"https:\/\/dgospel.com.br\/portal\/index.php\/wp-json\/wp\/v2\/users\/2"}],"replies":[{"embeddable":true,"href":"https:\/\/dgospel.com.br\/portal\/index.php\/wp-json\/wp\/v2\/comments?post=125"}],"version-history":[{"count":2,"href":"https:\/\/dgospel.com.br\/portal\/index.php\/wp-json\/wp\/v2\/posts\/125\/revisions"}],"predecessor-version":[{"id":128,"href":"https:\/\/dgospel.com.br\/portal\/index.php\/wp-json\/wp\/v2\/posts\/125\/revisions\/128"}],"wp:featuredmedia":[{"embeddable":true,"href":"https:\/\/dgospel.com.br\/portal\/index.php\/wp-json\/wp\/v2\/media\/126"}],"wp:attachment":[{"href":"https:\/\/dgospel.com.br\/portal\/index.php\/wp-json\/wp\/v2\/media?parent=125"}],"wp:term":[{"taxonomy":"category","embeddable":true,"href":"https:\/\/dgospel.com.br\/portal\/index.php\/wp-json\/wp\/v2\/categories?post=125"},{"taxonomy":"post_tag","embeddable":true,"href":"https:\/\/dgospel.com.br\/portal\/index.php\/wp-json\/wp\/v2\/tags?post=125"}],"curies":[{"name":"wp","href":"https:\/\/api.w.org\/{rel}","templated":true}]}}