{"id":1250,"date":"2018-09-07T00:21:28","date_gmt":"2018-09-07T03:21:28","guid":{"rendered":"http:\/\/dgospel.com.br\/portal\/?p=1250"},"modified":"2018-09-07T00:21:28","modified_gmt":"2018-09-07T03:21:28","slug":"bolsonaro-leva-facada-durante-ato-de-campanha-em-juiz-de-fora-mg","status":"publish","type":"post","link":"https:\/\/dgospel.com.br\/portal\/index.php\/2018\/09\/07\/bolsonaro-leva-facada-durante-ato-de-campanha-em-juiz-de-fora-mg\/","title":{"rendered":"Bolsonaro leva facada durante ato de campanha em Juiz de Fora (MG)"},"content":{"rendered":"<p>O candidato do PSL \u00e0 presid\u00eancia,\u00a0<a href=\"http:\/\/g1.globo.com\/politica\/politico\/jair-bolsonaro.html\">Jair Bolsonaro<\/a>, levou uma facada durante um ato de campanha em\u00a0<a href=\"http:\/\/g1.globo.com\/mg\/zona-da-mata\/cidade\/juiz-de-fora.html\">Juiz de Fora<\/a>\u00a0(MG), na tarde desta quinta-feira (6). Ele era carregado nos ombros por apoiadores quando um homem se aproximou e o feriu na barriga.\u00a0<a href=\"https:\/\/g1.globo.com\/mg\/minas-gerais\/noticia\/2018\/09\/06\/policia-militar-de-minas-confirma-identidade-do-suspeito-de-atentado-a-jair-bolsonaro.ghtml\">O agressor foi preso<\/a>.<\/p>\n<p>Bolsonaro foi socorrido e levado \u00e0 Santa Casa de Miseric\u00f3rdia da cidade. O hospital informou que ele deu entrada na emerg\u00eancia, por volta de 15h40, com &#8220;uma les\u00e3o por material perfurocortante na regi\u00e3o do abd\u00f4men&#8221;. Segundo os m\u00e9dicos, Bolsonaro chegou com a press\u00e3o baixa por causa da perda de sangue.<\/p>\n<p>O candidato teve les\u00f5es nos intestinos delgado e grosso e passou por uma cirurgia que durou cerca de 2 horas e terminou por volta das 19h40. O estado de sa\u00fade dele \u00e9 est\u00e1vel. Por volta das 19h55, Bolsonaro foi levado para a UTI da Santa Casa de Juiz de Fora, onde passar\u00e1 a noite.<\/p>\n<p>Um dos m\u00e9dicos que operou o candidato, Luiz Henrique Borsato, disse que a estimativa \u00e9 de que\u00a0<a href=\"https:\/\/g1.globo.com\/mg\/zona-da-mata\/noticia\/2018\/09\/06\/internacao-de-bolsonaro-devera-durar-pelo-menos-uma-semana-diz-medico.ghtml\">Bolsonaro fique de uma semana a 10 dias internado em recupera\u00e7\u00e3o<\/a>. Uma equipe do Hospital S\u00edrio-liban\u00eas, de S\u00e3o Paulo, deve chegar ainda nesta noite \u00e0 cidade mineira para avaliar uma poss\u00edvel transfer\u00eancia de Bolsonaro.<\/p>\n<p>Inicialmente, um de seus filhos, o deputado estadual Flavio Bolsonaro, tinha afirmado que o ferimento era superficial, mas exame indicou a suspeita de uma les\u00e3o no f\u00edgado.<\/p>\n<p>Na cirurgia, os m\u00e9dicos constataram que n\u00e3o tinha ocorrido les\u00e3o no f\u00edgado, mas que havia tr\u00eas les\u00f5es no intestino delgado \u2013 que j\u00e1 foram tratadas. Segundo os m\u00e9dicos, a facada foi profunda e tamb\u00e9m atingiu uma veia no abdom\u00ean.<\/p>\n<p>Os m\u00e9dicos fizeram uma colostomia tempor\u00e1ria, procedimento que conecta o intestino a uma bolsa fora do corpo, evitando que as fezes passem e possam causar uma infec\u00e7\u00e3o no local onde foi tratada a perfura\u00e7\u00e3o.<\/p>\n<p>Em nota, a Pol\u00edcia Federal afirmou: &#8220;[Bolsonaro] contava com a escolta de policiais federais quando foi atingido por uma faca durante um ato p\u00fablico na cidade de Juiz de Fora (MG). O agressor foi preso em flagrante e conduzido para a Delegacia da PF naquele munic\u00edpio. Foi instaurado inqu\u00e9rito policial para apurar as circunst\u00e2ncias do fato&#8221;.<\/p>\n<p>&nbsp;<\/p>\n<p><strong>Agressor preso<\/strong><\/p>\n<p>No momento em que foi esfaqueado, Bolsonaro fazia corpo a corpo com eleitores na regi\u00e3o do Parque Halfeld. O suspeito de atacar o candidato\u00a0<a href=\"https:\/\/g1.globo.com\/politica\/eleicoes\/2018\/noticia\/2018\/09\/06\/pf-abre-inquerito-para-investigar-atentado-contra-bolsonaro-em-juiz-de-fora.ghtml\">foi identificado pela PM como Ad\u00e9lio Bispo de Oliveira<\/a>, de 40 anos. Segundo informa\u00e7\u00f5es da pol\u00edcia, ap\u00f3s o ataque, ele foi agredido por pessoas que estavam no local.<\/p>\n<p>O advogado de Ad\u00e9lio, Pedro Augusto Lima Possa, disse que seu cliente assumiu a autoria do atentado, e que ele agiu por &#8220;motiva\u00e7\u00f5es religiosas, de cunho pol\u00edtico&#8221;. &#8220;<a href=\"https:\/\/g1.globo.com\/mg\/zona-da-mata\/noticia\/2018\/09\/06\/ele-nao-tinha-intencao-de-matar-era-so-de-lesionar-diz-advogado-de-homem-que-esfaqueou-bolsonaro.ghtml\">Ele n\u00e3o tinha inten\u00e7\u00e3o de matar<\/a>, em momento algum. Era s\u00f3 de lesionar&#8221;, disse Possa.<\/p>\n<p>Segundo o comandante do 2\u00ba Batalh\u00e3o da PM de Juiz de Fora, tenente-coronel Marco Ant\u00f4nio Rodrigues de Oliveira, o suspeito &#8220;alegou que tentou ferir o candidato Jair Bolsonaro por ter diverg\u00eancias de ideias e pensamentos com ele [&#8230;] Falou que [foi] uma quest\u00e3o pessoal dele. Depois n\u00e3o manifestou mais nada&#8221;.<\/p>\n<p>A pol\u00edcia fez buscas em um im\u00f3vel onde Oliveira morou em Montes Claros, cidade a cerca de 800 km de Juiz de Fora, mas n\u00e3o encontrou nada.\u00a0<a href=\"https:\/\/g1.globo.com\/mg\/grande-minas\/noticia\/2018\/09\/06\/o-que-se-sabe-sobre-o-suspeito-de-esfaquear-jair-bolsonaro.ghtml\">O agressor \u00e9 formado em pedagogia<\/a>, foi filiado ao PSOL entre 2007 e 2014 e tem passagem na pol\u00edcia em 2013 por les\u00e3o corporal.<\/p>\n","protected":false},"excerpt":{"rendered":"<p>O candidato do PSL \u00e0 presid\u00eancia,\u00a0Jair Bolsonaro, levou uma facada durante um ato de campanha em\u00a0Juiz de Fora\u00a0(MG), na tarde desta quinta-feira (6). Ele era carregado nos ombros por apoiadores quando um homem se aproximou e o feriu na barriga.\u00a0O agressor foi preso. Bolsonaro foi socorrido e levado \u00e0 Santa Casa de Miseric\u00f3rdia da cidade. [&hellip;]<\/p>\n","protected":false},"author":2,"featured_media":1251,"comment_status":"open","ping_status":"open","sticky":false,"template":"","format":"standard","meta":[],"categories":[2,6,4],"tags":[],"_links":{"self":[{"href":"https:\/\/dgospel.com.br\/portal\/index.php\/wp-json\/wp\/v2\/posts\/1250"}],"collection":[{"href":"https:\/\/dgospel.com.br\/portal\/index.php\/wp-json\/wp\/v2\/posts"}],"about":[{"href":"https:\/\/dgospel.com.br\/portal\/index.php\/wp-json\/wp\/v2\/types\/post"}],"author":[{"embeddable":true,"href":"https:\/\/dgospel.com.br\/portal\/index.php\/wp-json\/wp\/v2\/users\/2"}],"replies":[{"embeddable":true,"href":"https:\/\/dgospel.com.br\/portal\/index.php\/wp-json\/wp\/v2\/comments?post=1250"}],"version-history":[{"count":1,"href":"https:\/\/dgospel.com.br\/portal\/index.php\/wp-json\/wp\/v2\/posts\/1250\/revisions"}],"predecessor-version":[{"id":1252,"href":"https:\/\/dgospel.com.br\/portal\/index.php\/wp-json\/wp\/v2\/posts\/1250\/revisions\/1252"}],"wp:featuredmedia":[{"embeddable":true,"href":"https:\/\/dgospel.com.br\/portal\/index.php\/wp-json\/wp\/v2\/media\/1251"}],"wp:attachment":[{"href":"https:\/\/dgospel.com.br\/portal\/index.php\/wp-json\/wp\/v2\/media?parent=1250"}],"wp:term":[{"taxonomy":"category","embeddable":true,"href":"https:\/\/dgospel.com.br\/portal\/index.php\/wp-json\/wp\/v2\/categories?post=1250"},{"taxonomy":"post_tag","embeddable":true,"href":"https:\/\/dgospel.com.br\/portal\/index.php\/wp-json\/wp\/v2\/tags?post=1250"}],"curies":[{"name":"wp","href":"https:\/\/api.w.org\/{rel}","templated":true}]}}