{"id":12504,"date":"2022-09-16T16:28:41","date_gmt":"2022-09-16T19:28:41","guid":{"rendered":"http:\/\/dgospel.com.br\/portal\/?p=12504"},"modified":"2022-09-16T16:28:43","modified_gmt":"2022-09-16T19:28:43","slug":"sonho-de-ter-o-imovel-regularizado-chega-para-237-familias-do-setor-lago-sul","status":"publish","type":"post","link":"https:\/\/dgospel.com.br\/portal\/index.php\/2022\/09\/16\/sonho-de-ter-o-imovel-regularizado-chega-para-237-familias-do-setor-lago-sul\/","title":{"rendered":"Sonho de ter o im\u00f3vel regularizado chega para 237 fam\u00edlias do setor Lago Sul"},"content":{"rendered":"\n<p>A regulariza\u00e7\u00e3o de 237 im\u00f3veis no setor Lago Sul foi poss\u00edvel gra\u00e7as ao Programa de Regulariza\u00e7\u00e3o Fundi\u00e1ria da Prefeitura de Palmas, que entrega a essas fam\u00edlias nesta sexta-feira, 16, muito mais que um t\u00edtulo de posse, mas certid\u00f5es de matr\u00edculas j\u00e1 registradas em cart\u00f3rio. A entrega acontece a partir 19h, na Escola de Tempo Integral Margarida Lemos.<\/p>\n\n\n\n<p>&#8220;As fam\u00edlias que j\u00e1 det\u00eam a posse destes im\u00f3veis e contribuem para o desenvolvimento do bairro e da nossa cidade merecem ter uma resposta fundi\u00e1ria que lhes proporcione seguran\u00e7a jur\u00eddica, e o reconhecimento de que o bem&nbsp;realmente lhes pertence. Por isso, o&nbsp;nosso servi\u00e7o \u00e9 completo, n\u00e3o d\u00e1 para deixar as coisas pela metade. Isto \u00e9 mais que um documento, \u00e9 um resgate de cidadania&#8221;, ressaltou o titular da Secretaria Municipal de Assuntos Fundi\u00e1rios, F\u00e1bio Barbosa Chaves.<\/p>\n\n\n\n<p>O secret\u00e1rio lembra que muitas fam\u00edlias n\u00e3o t\u00eam condi\u00e7\u00f5es de arcar com os custos do registro ap\u00f3s a entrega do t\u00edtulo, por isso a import\u00e2ncia de fazer o processo completo, finalizando com a entrega da certid\u00e3o de matr\u00edcula. Chaves acrescenta que a atual gest\u00e3o j\u00e1 emitiu mais de 600 t\u00edtulos, todos encaminhados ao cart\u00f3rio, e est\u00e1 com processo de regulariza\u00e7\u00e3o fundi\u00e1ria em andamento nos setores Lago Norte, Universit\u00e1rio e&nbsp;Capad\u00f3cia (T-33) do Setor Taquari. Ainda ser\u00e3o&nbsp;iniciados neste ano os processos de regulariza\u00e7\u00e3o nos setores Irm\u00e3 Dulce, na regi\u00e3o sul, e Shalom, Fuma\u00e7a e \u00c1gua Fria, na regi\u00e3o norte.<\/p>\n","protected":false},"excerpt":{"rendered":"<p>A regulariza\u00e7\u00e3o de 237 im\u00f3veis no setor Lago Sul foi poss\u00edvel gra\u00e7as ao Programa de Regulariza\u00e7\u00e3o Fundi\u00e1ria da Prefeitura de Palmas, que entrega a essas fam\u00edlias nesta sexta-feira, 16, muito mais que um t\u00edtulo de posse, mas certid\u00f5es de matr\u00edculas j\u00e1 registradas em cart\u00f3rio. A entrega acontece a partir 19h, na Escola de Tempo Integral [&hellip;]<\/p>\n","protected":false},"author":2,"featured_media":12505,"comment_status":"open","ping_status":"open","sticky":false,"template":"","format":"standard","meta":[],"categories":[3],"tags":[13],"_links":{"self":[{"href":"https:\/\/dgospel.com.br\/portal\/index.php\/wp-json\/wp\/v2\/posts\/12504"}],"collection":[{"href":"https:\/\/dgospel.com.br\/portal\/index.php\/wp-json\/wp\/v2\/posts"}],"about":[{"href":"https:\/\/dgospel.com.br\/portal\/index.php\/wp-json\/wp\/v2\/types\/post"}],"author":[{"embeddable":true,"href":"https:\/\/dgospel.com.br\/portal\/index.php\/wp-json\/wp\/v2\/users\/2"}],"replies":[{"embeddable":true,"href":"https:\/\/dgospel.com.br\/portal\/index.php\/wp-json\/wp\/v2\/comments?post=12504"}],"version-history":[{"count":1,"href":"https:\/\/dgospel.com.br\/portal\/index.php\/wp-json\/wp\/v2\/posts\/12504\/revisions"}],"predecessor-version":[{"id":12506,"href":"https:\/\/dgospel.com.br\/portal\/index.php\/wp-json\/wp\/v2\/posts\/12504\/revisions\/12506"}],"wp:featuredmedia":[{"embeddable":true,"href":"https:\/\/dgospel.com.br\/portal\/index.php\/wp-json\/wp\/v2\/media\/12505"}],"wp:attachment":[{"href":"https:\/\/dgospel.com.br\/portal\/index.php\/wp-json\/wp\/v2\/media?parent=12504"}],"wp:term":[{"taxonomy":"category","embeddable":true,"href":"https:\/\/dgospel.com.br\/portal\/index.php\/wp-json\/wp\/v2\/categories?post=12504"},{"taxonomy":"post_tag","embeddable":true,"href":"https:\/\/dgospel.com.br\/portal\/index.php\/wp-json\/wp\/v2\/tags?post=12504"}],"curies":[{"name":"wp","href":"https:\/\/api.w.org\/{rel}","templated":true}]}}