{"id":12520,"date":"2022-09-20T07:36:10","date_gmt":"2022-09-20T10:36:10","guid":{"rendered":"http:\/\/dgospel.com.br\/portal\/?p=12520"},"modified":"2022-09-20T07:36:11","modified_gmt":"2022-09-20T10:36:11","slug":"tocantins-mobilizacao-contra-poliomielite-e-multivacinacao-vao-ate-o-dia-30-de-setembro","status":"publish","type":"post","link":"https:\/\/dgospel.com.br\/portal\/index.php\/2022\/09\/20\/tocantins-mobilizacao-contra-poliomielite-e-multivacinacao-vao-ate-o-dia-30-de-setembro\/","title":{"rendered":"TOCANTINS: Mobiliza\u00e7\u00e3o contra poliomielite e multivacina\u00e7\u00e3o v\u00e3o at\u00e9 o dia 30 de setembro"},"content":{"rendered":"\n<p>Mais de 38 mil postos de vacina\u00e7\u00e3o est\u00e3o abertos para a Vacina\u00e7\u00e3o contra a Poliomielite e Multivacina\u00e7\u00e3o at\u00e9 o dia 30 de setembro. A a\u00e7\u00e3o tem como objetivo aumentar a cobertura vacinal e reduzir o n\u00famero de n\u00e3o vacinados entre crian\u00e7as e adolescentes menores de 15 anos. De acordo com o Minist\u00e9rio da Sa\u00fade, manter a situa\u00e7\u00e3o vacinal em dia aumenta a prote\u00e7\u00e3o contra as doen\u00e7as imunopreven\u00edveis e evita a ocorr\u00eancia de surtos e hospitaliza\u00e7\u00f5es.<\/p>\n\n\n\n<p>As vacinas dispon\u00edveis para a campanha de multivacina\u00e7\u00e3o s\u00e3o: Hepatite A e B, Penta (DTP\/Hib\/Hep B), Pneumoc\u00f3cica 10 valente, VIP (Vacina Inativada Poliomielite), VRH (Vacina Rotav\u00edrus Humano), Meningoc\u00f3cica C (conjugada), VOP (Vacina Oral Poliomielite), Febre amarela, Tr\u00edplice viral (Sarampo, Rub\u00e9ola, Caxumba), Tetraviral (Sarampo, Rub\u00e9ola, Caxumba, Varicela), DTP (tr\u00edplice bacteriana), Varicela e HPV quadrivalente (Papilomav\u00edrus Humano).<\/p>\n\n\n\n<p>J\u00e1 para os adolescentes, est\u00e3o dispon\u00edveis as vacinas HPV, dT (dupla adulto), Febre amarela, Tr\u00edplice viral, Hepatite B, dTpa e Meningoc\u00f3cica ACWY (conjugada).<\/p>\n\n\n\n<h2>Hepatite B<\/h2>\n\n\n\n<p>A hepatite B \u00e9 uma doen\u00e7a infecciosa que provoca cansa\u00e7o, dor de cabe\u00e7a e abd\u00f4men, n\u00e1useas e v\u00f4mitos. De acordo com a gastroenterologista Soraia Vianna, uma das principais formas de transmiss\u00e3o \u00e9 de m\u00e3e para o feto, durante a gesta\u00e7\u00e3o e no momento do parto.<\/p>\n\n\n\n<p>A gastroenterologista explica que as manifesta\u00e7\u00f5es cl\u00ednicas da hepatite B aguda dependem da idade em que a infec\u00e7\u00e3o ocorre, do estado imune do paciente e da replica\u00e7\u00e3o viral. \u201cEm geral, a hepatite B aguda em crian\u00e7as t\u00eam sintomas brandos, por\u00e9m tendem a evoluir para a cronicidade\u201d, afirma.<\/p>\n\n\n\n<p>A m\u00e9dica tamb\u00e9m alerta para a evolu\u00e7\u00e3o do v\u00edrus, \u201cele pode causar les\u00f5es cr\u00f4nicas do f\u00edgado, que \u00e9 a cirrose. E tamb\u00e9m ele \u00e9 chamado tamb\u00e9m de v\u00edrus carcinog\u00eanico, que ele pode causar c\u00e2ncer no f\u00edgado mesmo antes do paciente ter cirrose\u201d.<\/p>\n\n\n\n<p>No Brasil, a preven\u00e7\u00e3o mais eficaz contra hepatite B \u00e9 a vacina. Ela &nbsp;est\u00e1 dispon\u00edvel gratuitamente no SUS e deve ser aplicada ainda nas primeiras horas ap\u00f3s o nascimento, fornecendo prote\u00e7\u00e3o entre 80% e 100%. A aplica\u00e7\u00e3o \u00e9 feita com inje\u00e7\u00e3o e as doses de refor\u00e7o est\u00e3o presentes na vacina pentavalente, que tamb\u00e9m protege contra t\u00e9tano, coqueluche, difteria e meningite, causada pela Haemophilus influenza tipo B.<\/p>\n\n\n\n<h2>Sarampo<\/h2>\n\n\n\n<p>O Minist\u00e9rio da Sa\u00fade promoveu na ter\u00e7a-feira (13) um dia de combate ao sarampo, o Dia S, para refor\u00e7ar as medidas contra a doen\u00e7a em todo o pa\u00eds. A a\u00e7\u00e3o conjunta com os servi\u00e7os de sa\u00fade de estados e munic\u00edpios foi realizada para identificar casos suspeitos de sarampo ou rub\u00e9ola em estabelecimentos de sa\u00fade e comunit\u00e1rios.<\/p>\n\n\n\n<p>O pediatra Marcos Guimar\u00e3es explica que o sarampo \u00e9 uma doen\u00e7a viral em que os sintomas s\u00e3o semelhantes a um resfriado ou gripe. \u201c\u00c9 caracterizada por febre, coriza, o nariz escorrendo com tosse seca e, principalmente, por uma conjuntivite. Logo ap\u00f3s aparecem manchas. S\u00e3o manchas avermelhadas e elas v\u00e3o da dire\u00e7\u00e3o da cabe\u00e7a aos p\u00e9s, inclusive comprometendo a palma das m\u00e3os e a planta dos p\u00e9s. Geralmente \u00e9 acompanhada de febre alta, de at\u00e9 40\u00b0, muitas vezes\u201d, alerta.<\/p>\n\n\n\n<p>O sarampo \u00e9 uma doen\u00e7a altamente contagiosa. A transmiss\u00e3o acontece por meio das secre\u00e7\u00f5es respirat\u00f3rias, segundo o infectologista Victor Bertollo. \u201c\u00c9 de maneira muito semelhante \u00e0 transmiss\u00e3o da covid-19. Mas a diferen\u00e7a \u00e9 que o sarampo, ele \u00e9 mais transmiss\u00edvel que a covid. Ele pode ficar no ar por tempo mais prolongado, principalmente em ambientes fechados, n\u00e9? Por exemplo, uma pessoa entra no ambiente, expele v\u00edrus ali naquela regi\u00e3o, ela sai do ambiente, mas o v\u00edrus que pode continuar suspenso ali, infecta outras pessoas que entre no ambiente depois\u201d, afirma.<\/p>\n\n\n\n<p>Segundo o infectologista, para conter a transmiss\u00e3o do sarampo, \u00e9 necess\u00e1rio um grande percentual de pessoas imunizadas, \u201cA gente precisa de coberturas vacinais. A gente tem vacinas altamente eficazes, n\u00e9? Efetivas para a preven\u00e7\u00e3o do sarampo. Ela est\u00e1 recomendada para toda a popula\u00e7\u00e3o brasileira, de 9 meses de idade a 50 anos de vida\u201d.<\/p>\n\n\n\n<p>A vacina contra o sarampo deve ser aplicada, a princ\u00edpio, dos 12 meses aos 15 meses de idade. Adolescentes e adultos n\u00e3o vacinados tamb\u00e9m podem tomar a vacina, basta procurar um posto de sa\u00fade.<\/p>\n\n\n\n<p>Fonte: <a href=\"https:\/\/brasil61.com\/n\/campanha-nacional-de-multivacinacao-vai-ate-30-de-setembro-bras227220?email=dgospel1@gmail.com&amp;utm_source=newsletter&amp;utm_medium=newsletter&amp;utm_campaign=newsletter\" target=\"_blank\" rel=\"noreferrer noopener\">Brasil 61<\/a><\/p>\n","protected":false},"excerpt":{"rendered":"<p>Mais de 38 mil postos de vacina\u00e7\u00e3o est\u00e3o abertos para a Vacina\u00e7\u00e3o contra a Poliomielite e Multivacina\u00e7\u00e3o at\u00e9 o dia 30 de setembro. A a\u00e7\u00e3o tem como objetivo aumentar a cobertura vacinal e reduzir o n\u00famero de n\u00e3o vacinados entre crian\u00e7as e adolescentes menores de 15 anos. De acordo com o Minist\u00e9rio da Sa\u00fade, manter [&hellip;]<\/p>\n","protected":false},"author":2,"featured_media":12521,"comment_status":"open","ping_status":"open","sticky":false,"template":"","format":"standard","meta":[],"categories":[3],"tags":[13],"_links":{"self":[{"href":"https:\/\/dgospel.com.br\/portal\/index.php\/wp-json\/wp\/v2\/posts\/12520"}],"collection":[{"href":"https:\/\/dgospel.com.br\/portal\/index.php\/wp-json\/wp\/v2\/posts"}],"about":[{"href":"https:\/\/dgospel.com.br\/portal\/index.php\/wp-json\/wp\/v2\/types\/post"}],"author":[{"embeddable":true,"href":"https:\/\/dgospel.com.br\/portal\/index.php\/wp-json\/wp\/v2\/users\/2"}],"replies":[{"embeddable":true,"href":"https:\/\/dgospel.com.br\/portal\/index.php\/wp-json\/wp\/v2\/comments?post=12520"}],"version-history":[{"count":1,"href":"https:\/\/dgospel.com.br\/portal\/index.php\/wp-json\/wp\/v2\/posts\/12520\/revisions"}],"predecessor-version":[{"id":12522,"href":"https:\/\/dgospel.com.br\/portal\/index.php\/wp-json\/wp\/v2\/posts\/12520\/revisions\/12522"}],"wp:featuredmedia":[{"embeddable":true,"href":"https:\/\/dgospel.com.br\/portal\/index.php\/wp-json\/wp\/v2\/media\/12521"}],"wp:attachment":[{"href":"https:\/\/dgospel.com.br\/portal\/index.php\/wp-json\/wp\/v2\/media?parent=12520"}],"wp:term":[{"taxonomy":"category","embeddable":true,"href":"https:\/\/dgospel.com.br\/portal\/index.php\/wp-json\/wp\/v2\/categories?post=12520"},{"taxonomy":"post_tag","embeddable":true,"href":"https:\/\/dgospel.com.br\/portal\/index.php\/wp-json\/wp\/v2\/tags?post=12520"}],"curies":[{"name":"wp","href":"https:\/\/api.w.org\/{rel}","templated":true}]}}