{"id":12523,"date":"2022-09-20T07:58:09","date_gmt":"2022-09-20T10:58:09","guid":{"rendered":"http:\/\/dgospel.com.br\/portal\/?p=12523"},"modified":"2022-09-20T07:58:10","modified_gmt":"2022-09-20T10:58:10","slug":"receita-quer-cobrar-de-lula-r-18-milhoes-stf-nao-o-inocentou","status":"publish","type":"post","link":"https:\/\/dgospel.com.br\/portal\/index.php\/2022\/09\/20\/receita-quer-cobrar-de-lula-r-18-milhoes-stf-nao-o-inocentou\/","title":{"rendered":"Receita quer cobrar de Lula R$ 18 milh\u00f5es: \u201cSTF n\u00e3o o inocentou\u201d"},"content":{"rendered":"\n<p>A Procuradoria-geral da Fazenda Nacional apresentou uma peti\u00e7\u00e3o ao Tribunal Regional Federal da 3\u00aa Regi\u00e3o (TRF3) para cobrar na Justi\u00e7a o valor de R$ 18 milh\u00f5es do ex-presidente Luiz In\u00e1cio Lula da Silva em raz\u00e3o de impostos supostamente n\u00e3o pagos. No documento, o \u00f3rg\u00e3o frisou que o Supremo Tribunal Federal (STF) \u201cn\u00e3o inocentou o r\u00e9u Luiz In\u00e1cio Lula da Silva\u201d.<\/p>\n\n\n\n<p>\u2013 O STF n\u00e3o inocentou o r\u00e9u Luiz In\u00e1cio Lula da Silva. Ele n\u00e3o tratou do m\u00e9rito da condena\u00e7\u00e3o. N\u00e3o foi afirmado, em hora nenhuma, que o r\u00e9u \u00e9 inocente, mas considerou-se que n\u00e3o cabia \u00e0 Justi\u00e7a Federal do Paran\u00e1 julg\u00e1-lo naqueles processos espec\u00edficos \u2013 escreveu o procurador da Fazenda, Daniel Wagner Gamboa, segundo informa\u00e7\u00f5es da revista Veja.<\/p>\n\n\n\n<p>O argumento do \u00f3rg\u00e3o \u00e9 que, embora as condena\u00e7\u00f5es tenham sido anuladas por quest\u00f5es t\u00e9cnicas, Lula n\u00e3o est\u00e1 livre de ser cobrado por tributos com os quais n\u00e3o teria arcado. Segundo os procuradores, o Instituto Lula se autointitulava como uma organiza\u00e7\u00e3o sem fins lucrativos; entretanto, n\u00e3o cumpria as condi\u00e7\u00f5es para ter a isen\u00e7\u00e3o tribut\u00e1ria.<\/p>\n\n\n\n<p>J\u00e1 os advogados do ex-presidente Lula pretendem acionar o STF e alegar que deve ser anulado qualquer tipo de desdobramento da opera\u00e7\u00e3o Lava Jato. A defesa afirma que a cobran\u00e7a teve origem na Opera\u00e7\u00e3o Alethea, que foi considerada nula pela Suprema Corte.<\/p>\n","protected":false},"excerpt":{"rendered":"<p>A Procuradoria-geral da Fazenda Nacional apresentou uma peti\u00e7\u00e3o ao Tribunal Regional Federal da 3\u00aa Regi\u00e3o (TRF3) para cobrar na Justi\u00e7a o valor de R$ 18 milh\u00f5es do ex-presidente Luiz In\u00e1cio Lula da Silva em raz\u00e3o de impostos supostamente n\u00e3o pagos. No documento, o \u00f3rg\u00e3o frisou que o Supremo Tribunal Federal (STF) \u201cn\u00e3o inocentou o r\u00e9u [&hellip;]<\/p>\n","protected":false},"author":2,"featured_media":12524,"comment_status":"open","ping_status":"open","sticky":false,"template":"","format":"standard","meta":[],"categories":[10],"tags":[],"_links":{"self":[{"href":"https:\/\/dgospel.com.br\/portal\/index.php\/wp-json\/wp\/v2\/posts\/12523"}],"collection":[{"href":"https:\/\/dgospel.com.br\/portal\/index.php\/wp-json\/wp\/v2\/posts"}],"about":[{"href":"https:\/\/dgospel.com.br\/portal\/index.php\/wp-json\/wp\/v2\/types\/post"}],"author":[{"embeddable":true,"href":"https:\/\/dgospel.com.br\/portal\/index.php\/wp-json\/wp\/v2\/users\/2"}],"replies":[{"embeddable":true,"href":"https:\/\/dgospel.com.br\/portal\/index.php\/wp-json\/wp\/v2\/comments?post=12523"}],"version-history":[{"count":1,"href":"https:\/\/dgospel.com.br\/portal\/index.php\/wp-json\/wp\/v2\/posts\/12523\/revisions"}],"predecessor-version":[{"id":12525,"href":"https:\/\/dgospel.com.br\/portal\/index.php\/wp-json\/wp\/v2\/posts\/12523\/revisions\/12525"}],"wp:featuredmedia":[{"embeddable":true,"href":"https:\/\/dgospel.com.br\/portal\/index.php\/wp-json\/wp\/v2\/media\/12524"}],"wp:attachment":[{"href":"https:\/\/dgospel.com.br\/portal\/index.php\/wp-json\/wp\/v2\/media?parent=12523"}],"wp:term":[{"taxonomy":"category","embeddable":true,"href":"https:\/\/dgospel.com.br\/portal\/index.php\/wp-json\/wp\/v2\/categories?post=12523"},{"taxonomy":"post_tag","embeddable":true,"href":"https:\/\/dgospel.com.br\/portal\/index.php\/wp-json\/wp\/v2\/tags?post=12523"}],"curies":[{"name":"wp","href":"https:\/\/api.w.org\/{rel}","templated":true}]}}