{"id":1253,"date":"2018-09-07T00:56:27","date_gmt":"2018-09-07T03:56:27","guid":{"rendered":"http:\/\/dgospel.com.br\/portal\/?p=1253"},"modified":"2018-09-07T00:58:17","modified_gmt":"2018-09-07T03:58:17","slug":"perfil-de-acusado-de-esfaquear-bolsonaro-tem-teorias-sobre-maconaria-e-apoio-a-esquerda","status":"publish","type":"post","link":"https:\/\/dgospel.com.br\/portal\/index.php\/2018\/09\/07\/perfil-de-acusado-de-esfaquear-bolsonaro-tem-teorias-sobre-maconaria-e-apoio-a-esquerda\/","title":{"rendered":"Perfil de acusado de esfaquear Bolsonaro tem teorias sobre ma\u00e7onaria e apoio \u00e0 esquerda"},"content":{"rendered":"<p>Cr\u00edticas a Jair Bolsonaro, teorias sobre a ma\u00e7onaria, fotos em manifesta\u00e7\u00f5es de esquerda e projetos de lei criados por ele mesmo. Assim \u00e9 o perfil de Adelio Bispo de Oliveira na rede social Facebook.<\/p>\n<p>Na tarde desta quinta-feira, Oliveira foi preso em flagrante depois de ter sido apontado pela pol\u00edcia como principal suspeito de ter esfaqueado o candidato \u00e0 presid\u00eancia pelo PSL em Juiz de Fora, em Minas Gerais.<\/p>\n<p>Segundo a pol\u00edcia, ele confessou o crime. A BBC News Brasil n\u00e3o conseguiu contatar seu advogado. Oliveira \u00e9 solteiro, de 40 anos, e morador de Juiz de Fora. Ele foi filiado ao PSOL entre 2007 e 2014.<\/p>\n<p>Segundo o TSE, a filia\u00e7\u00e3o foi cancelada &#8220;a pedido do eleitor&#8221;. Seu perfil no Facebook \u00e9 recheado quase exclusivamente por publica\u00e7\u00f5es sobre pol\u00edtica e quest\u00f5es nacionais.<\/p>\n<p>Nos \u00faltimos meses, Oliveira fez diversas cr\u00edticas a Bolsonaro, a quem chamava de &#8220;babaca&#8221; e a seus apoiadores, que ele classificou como &#8220;analfabetos&#8221;. &#8220;A aprova\u00e7\u00e3o de Bolsonaro \u00e9 maior entre os menos estudados, ou seja s\u00f3 analfabeto e semi analfabetos votam em Bolsonaro&#8221;, escreveu em 18 de julho.<\/p>\n<p>Segundo a pol\u00edcia, ele afirmou que atacou o candidato por &#8220;diverg\u00eancias pessoais&#8221; e que n\u00e3o era ligado a nenhum partido.<\/p>\n<p>Em 31 de maio, ele publicou imagens em que participava de uma manifesta\u00e7\u00e3o com cr\u00edticas ao presidente Michel Temer (MDB). Em outras postagens, ele atacava a ex-presidente Dilma Rousseff (PT).<\/p>\n<p>Aparece em uma imagem ao lado de uma manifestante que segurava uma placa com &#8220;Renuncia Temer&#8221;. Em outra, um manifestante segura um cartaz com a frase &#8220;Pol\u00edticos In\u00fateis&#8221;. Em uma terceira imagem, dois manifestantes estavam vestidos com camisas a favor da soltura do ex-presidente Luiz In\u00e1cio Lula da Silva, preso em Curitiba.<\/p>\n<p>Temer tamb\u00e9m \u00e9 duramente criticado na p\u00e1gina de Oliveira. Em um post, ele diz que o presidente pretendia privatizar a casa da moeda. &#8220;H\u00e1 3 estrat\u00e9gias com isso. 1) dar \u00e0 iniciativa privada ma\u00e7\u00f4nica absoluto controle do sistema monet\u00e1rio brasileiro. 2) ajudar as operadoras de cart\u00f5es como Visa e Mastercar (sic) e outras a ampliarem seus lucros e influ\u00eancias na economia e sistema monetario nacional. 3) agilizar os meios de dinheiro eletr\u00f4nico para facilitar o implante do biochip nos brasileiros.&#8221;<\/p>\n<p>Mas a ma\u00e7onaria era alvo preferido de Oliveira. Textos confusos do suspeito, em v\u00e1rias ocasi\u00f5es, tentavam ligar pol\u00edticos e problemas sociais do Brasil \u00e0 sociedade secreta. &#8220;At\u00e9 2012, o \u00edndice de assassinatos em Montes Claros era terr\u00edvel, teve queda de cerca de 50% depois que eu comecei a acusar a ma\u00e7onaria de estar por tr\u00e1s deste genoc\u00eddio&#8221;, escreveu em 9 de julho.<\/p>\n<p>Em de 18 de agosto de 2014, ele se posicionou ser a favor da redu\u00e7\u00e3o da maioridade penal para 16 anos, projeto que estava em discuss\u00e3o na \u00e9poca.<\/p>\n<p>&#8220;Poderiam colocar os governantes do Brasil no pared\u00e3o, e, claro, isso para a pol\u00edcia seria bom, pois (a pol\u00edcia) j\u00e1 est\u00e1 cansada de prender hoje, e a justi\u00e7a soltar amanh\u00e3&#8221;, finalizou.<\/p>\n<p>Tamb\u00e9m em 2014, Oliveira fez uma s\u00e9rie de postagens com projetos de leis criados por ele mesmo. Um deles era o ped\u00e1gio militarizado: &#8220;Como no caso da fronteira brasil Paraguai, Brasil, Argentina, Venezuela etc&#8230; . Por\u00e9m, como eu ja havia falado tamb\u00e9m sobre o uso definitivo da engenharia do ex\u00e9rcito na constru\u00e7\u00e3o ou manuten\u00e7\u00e3o das rodovias federais, imagino que o proprio ex\u00e9rcito \u00e9 (sic) capaz de explorar o ped\u00e1gio em todas as rodovias federais, imagino que o proprio ex\u00e9rcito \u00e9 (sic) capaz de explorar o ped\u00e1gio em todas as rodovias federais do Brasil&#8221;.<\/p>\n<p>Em outro post, de 8 de julho de 2014, ele diz que \u00e9 perseguido por um ex-prefeito de Uberaba. &#8221; &#8220;Pelas leis ma\u00e7\u00f4nicas, ele \u00e9 que deve ser beneficiado, j\u00e1 que foi por causa dele que estes partidos pol\u00edticos tomaram conhecimento sobre mim e meus projetos. Nada de errado at\u00e9 a\u00ed, se eu e ele f\u00f4ssemos amigos, mas este canalha mandou pistoleiros atr\u00e1s de mim, bem como pediu minha cabe\u00e7a em um tribunal da ma\u00e7onaria&#8221;.<\/p>\n<p>Tamb\u00e9m na rede social, Oliveira escreveu a seguinte frase no item sobre seu perfil: &#8220;N\u00e3o importa em que partido tu militas, nem a ideologia que acreditas ou f\u00e9 que tu praticas, se voc\u00ea tens prazer no triunfo da Justi\u00e7a ent\u00e3o somos irm\u00e3os!!!\u201d<\/p>\n<p>Fonte:\u00a0uol<\/p>\n","protected":false},"excerpt":{"rendered":"<p>Cr\u00edticas a Jair Bolsonaro, teorias sobre a ma\u00e7onaria, fotos em manifesta\u00e7\u00f5es de esquerda e projetos de lei criados por ele mesmo. Assim \u00e9 o perfil de Adelio Bispo de Oliveira na rede social Facebook. Na tarde desta quinta-feira, Oliveira foi preso em flagrante depois de ter sido apontado pela pol\u00edcia como principal suspeito de ter [&hellip;]<\/p>\n","protected":false},"author":2,"featured_media":1254,"comment_status":"open","ping_status":"open","sticky":false,"template":"","format":"standard","meta":[],"categories":[2,6,4],"tags":[],"_links":{"self":[{"href":"https:\/\/dgospel.com.br\/portal\/index.php\/wp-json\/wp\/v2\/posts\/1253"}],"collection":[{"href":"https:\/\/dgospel.com.br\/portal\/index.php\/wp-json\/wp\/v2\/posts"}],"about":[{"href":"https:\/\/dgospel.com.br\/portal\/index.php\/wp-json\/wp\/v2\/types\/post"}],"author":[{"embeddable":true,"href":"https:\/\/dgospel.com.br\/portal\/index.php\/wp-json\/wp\/v2\/users\/2"}],"replies":[{"embeddable":true,"href":"https:\/\/dgospel.com.br\/portal\/index.php\/wp-json\/wp\/v2\/comments?post=1253"}],"version-history":[{"count":2,"href":"https:\/\/dgospel.com.br\/portal\/index.php\/wp-json\/wp\/v2\/posts\/1253\/revisions"}],"predecessor-version":[{"id":1256,"href":"https:\/\/dgospel.com.br\/portal\/index.php\/wp-json\/wp\/v2\/posts\/1253\/revisions\/1256"}],"wp:featuredmedia":[{"embeddable":true,"href":"https:\/\/dgospel.com.br\/portal\/index.php\/wp-json\/wp\/v2\/media\/1254"}],"wp:attachment":[{"href":"https:\/\/dgospel.com.br\/portal\/index.php\/wp-json\/wp\/v2\/media?parent=1253"}],"wp:term":[{"taxonomy":"category","embeddable":true,"href":"https:\/\/dgospel.com.br\/portal\/index.php\/wp-json\/wp\/v2\/categories?post=1253"},{"taxonomy":"post_tag","embeddable":true,"href":"https:\/\/dgospel.com.br\/portal\/index.php\/wp-json\/wp\/v2\/tags?post=1253"}],"curies":[{"name":"wp","href":"https:\/\/api.w.org\/{rel}","templated":true}]}}