{"id":12535,"date":"2022-09-22T16:06:14","date_gmt":"2022-09-22T19:06:14","guid":{"rendered":"http:\/\/dgospel.com.br\/portal\/?p=12535"},"modified":"2022-09-22T16:06:15","modified_gmt":"2022-09-22T19:06:15","slug":"nicaragua-proibe-evangelicos-de-celebrar-o-dia-da-biblia-nas-ruas","status":"publish","type":"post","link":"https:\/\/dgospel.com.br\/portal\/index.php\/2022\/09\/22\/nicaragua-proibe-evangelicos-de-celebrar-o-dia-da-biblia-nas-ruas\/","title":{"rendered":"Nicar\u00e1gua pro\u00edbe evang\u00e9licos de celebrar o Dia da B\u00edblia nas ruas"},"content":{"rendered":"\n<p>A repress\u00e3o do&nbsp;<a href=\"https:\/\/guiame.com.br\/gospel\/noticias\/ataques-igreja-na-nicaragua-crescem-sob-governo-de-esquerda-de-daniel-ortega.html\"><strong>regime de Daniel Ortega<\/strong><\/a>&nbsp;est\u00e1 afetando n\u00e3o s\u00f3 a Igreja Cat\u00f3lica na&nbsp;<a href=\"https:\/\/guiame.com.br\/tudo-sobre?tag=Nicar%C3%A1gua\"><strong>Nicar\u00e1gua<\/strong><\/a>, mas tamb\u00e9m a Igreja Evang\u00e9lica. A pol\u00edcia nicaraguense impediu pastores de realizarem um ato comemorativo do Dia da B\u00edblia, que \u00e9 celebrado no \u00faltimo domingo de setembro.&nbsp;<\/p>\n\n\n\n<p>A not\u00edcia veio a p\u00fablico na quarta-feira (23) pela imprensa local, que informou que a pol\u00edcia de Ortega proibiu a celebra\u00e7\u00e3o dos 453 anos da tradu\u00e7\u00e3o da B\u00edblia nas ruas do pa\u00eds \u201cpor raz\u00f5es de seguran\u00e7a\u201d.<\/p>\n\n\n\n<p>O Conselho Nacional de Pastores Evang\u00e9licos da Nicar\u00e1gua enviou uma carta a l\u00edderes crist\u00e3os na segunda-feira (19), orientando que as festividades sejam celebradas dentro dos templos, por causa da proibi\u00e7\u00e3o.<\/p>\n\n\n\n<p>\u201cAtrav\u00e9s desta carta informamos que devido \u00e0s orienta\u00e7\u00f5es das autoridades civis, n\u00e3o ser\u00e1 comemorado o 453\u00ba anivers\u00e1rio da tradu\u00e7\u00e3o da B\u00edblia para o castelhano, eles expressam que o motivo \u00e9 a seguran\u00e7a dos participantes, por isso convidamos cada um de voc\u00eas a realizar suas celebra\u00e7\u00f5es em seus templos, elevando ora\u00e7\u00f5es a Deus para que possamos viver tranquila e pacificamente\u201d, diz o texto.<\/p>\n\n\n\n<p><img src=\"https:\/\/thumbor.guiame.com.br\/unsafe\/smart\/https:\/\/media.guiame.com.br\/archives\/2022\/09\/22\/236671631-.jpeg\" alt=\"\" width=\"400\"><br><sup>(Foto: Reprodu\u00e7\u00e3o\/Facebook)<\/sup><\/p>\n\n\n\n<p>Em entrevista ao site nicaraguense 100% Noticias, alguns pastores disseram que pediram autoriza\u00e7\u00e3o \u00e0 Pol\u00edcia Nacional para um ato p\u00fablico do Dia da B\u00edblia, mas tiveram a solicita\u00e7\u00e3o recusada.<\/p>\n\n\n\n<p>\u201cSe h\u00e1 uma orienta\u00e7\u00e3o a n\u00edvel nacional de que n\u00e3o temos autoriza\u00e7\u00e3o para fazer uma marcha ou nenhuma concentra\u00e7\u00e3o em comemora\u00e7\u00e3o ao dia da B\u00edblia, a mesma coisa que est\u00e3o fazendo com a Igreja Cat\u00f3lica [est\u00e3o fazendo com os evang\u00e9licos], porque est\u00e3o proibindo toda atividade p\u00fablica em massa nas ruas\u201d, disse um pastor sob anonimato, por medo de repres\u00e1lias.<\/p>\n\n\n\n<p>Falando ao site Despacho 505 nesta quinta-feira (22), outro pastor disse: \u201cA primeira recusa a comemorar foi recebida no norte do pa\u00eds, na zona de Matagalpa, e ontem \u00e0 noite soubemos que o desfile nacional que estava marcado para este domingo, 25 de setembro, foi suspenso\u201d.<\/p>\n\n\n\n<p>O pastor explica que o desfile tem sido feito todos os anos na Nicar\u00e1gua, com trios el\u00e9tricos, enquanto a B\u00edblia \u00e9 lida e louvores s\u00e3o cantados. \u201cMas n\u00e3o podemos sair para a rua\u201d, disse o pastor anonimamente.<\/p>\n\n\n\n<p><strong>Crist\u00e3os no alvo do governo<\/strong><\/p>\n\n\n\n<p>O pastor acredita que este ato da pol\u00edcia \u00e9 um sinal de que a situa\u00e7\u00e3o pode se tornar ainda pior na Nicar\u00e1gua. \u201cQue Deus nos livre, mas persegui\u00e7\u00f5es como a que est\u00e3o fazendo contra nossos irm\u00e3os padres e bispos podem vir [contra os evang\u00e9licos]\u201d, destacou.<\/p>\n\n\n\n<p>A Pol\u00edcia da Nicar\u00e1gua impediu tamb\u00e9m, nesta ter\u00e7a-feira (20), a celebra\u00e7\u00e3o de&nbsp; festividades cat\u00f3licas nas ruas da cidade de Masaya. As festas de S\u00e3o Jer\u00f4nimo costumam acontecer de setembro a novembro, sendo consideradas as festividades mais longas do pa\u00eds.<\/p>\n\n\n\n<p>O advogado Yader Moraz\u00e1n lembra que manifestar atos religiosos \u00e9 um direito previsto no artigo 69 da Constitui\u00e7\u00e3o da Nicar\u00e1gua. Falando ao Despacho 505, ele destaca que a Pol\u00edcia deveria eliminar as condi\u00e7\u00f5es que impedem o exerc\u00edcio religioso, n\u00e3o o contr\u00e1rio.<\/p>\n","protected":false},"excerpt":{"rendered":"<p>A repress\u00e3o do&nbsp;regime de Daniel Ortega&nbsp;est\u00e1 afetando n\u00e3o s\u00f3 a Igreja Cat\u00f3lica na&nbsp;Nicar\u00e1gua, mas tamb\u00e9m a Igreja Evang\u00e9lica. A pol\u00edcia nicaraguense impediu pastores de realizarem um ato comemorativo do Dia da B\u00edblia, que \u00e9 celebrado no \u00faltimo domingo de setembro.&nbsp; A not\u00edcia veio a p\u00fablico na quarta-feira (23) pela imprensa local, que informou que a [&hellip;]<\/p>\n","protected":false},"author":2,"featured_media":12536,"comment_status":"open","ping_status":"open","sticky":false,"template":"","format":"standard","meta":[],"categories":[16],"tags":[],"_links":{"self":[{"href":"https:\/\/dgospel.com.br\/portal\/index.php\/wp-json\/wp\/v2\/posts\/12535"}],"collection":[{"href":"https:\/\/dgospel.com.br\/portal\/index.php\/wp-json\/wp\/v2\/posts"}],"about":[{"href":"https:\/\/dgospel.com.br\/portal\/index.php\/wp-json\/wp\/v2\/types\/post"}],"author":[{"embeddable":true,"href":"https:\/\/dgospel.com.br\/portal\/index.php\/wp-json\/wp\/v2\/users\/2"}],"replies":[{"embeddable":true,"href":"https:\/\/dgospel.com.br\/portal\/index.php\/wp-json\/wp\/v2\/comments?post=12535"}],"version-history":[{"count":1,"href":"https:\/\/dgospel.com.br\/portal\/index.php\/wp-json\/wp\/v2\/posts\/12535\/revisions"}],"predecessor-version":[{"id":12537,"href":"https:\/\/dgospel.com.br\/portal\/index.php\/wp-json\/wp\/v2\/posts\/12535\/revisions\/12537"}],"wp:featuredmedia":[{"embeddable":true,"href":"https:\/\/dgospel.com.br\/portal\/index.php\/wp-json\/wp\/v2\/media\/12536"}],"wp:attachment":[{"href":"https:\/\/dgospel.com.br\/portal\/index.php\/wp-json\/wp\/v2\/media?parent=12535"}],"wp:term":[{"taxonomy":"category","embeddable":true,"href":"https:\/\/dgospel.com.br\/portal\/index.php\/wp-json\/wp\/v2\/categories?post=12535"},{"taxonomy":"post_tag","embeddable":true,"href":"https:\/\/dgospel.com.br\/portal\/index.php\/wp-json\/wp\/v2\/tags?post=12535"}],"curies":[{"name":"wp","href":"https:\/\/api.w.org\/{rel}","templated":true}]}}