{"id":12541,"date":"2022-09-22T16:46:20","date_gmt":"2022-09-22T19:46:20","guid":{"rendered":"http:\/\/dgospel.com.br\/portal\/?p=12541"},"modified":"2022-09-22T16:46:22","modified_gmt":"2022-09-22T19:46:22","slug":"plano-de-saude-bolsonaro-assina-pl-que-amplia-tratamentos","status":"publish","type":"post","link":"https:\/\/dgospel.com.br\/portal\/index.php\/2022\/09\/22\/plano-de-saude-bolsonaro-assina-pl-que-amplia-tratamentos\/","title":{"rendered":"Plano de sa\u00fade: Bolsonaro assina PL que amplia tratamentos"},"content":{"rendered":"\n<p>Nesta quarta-feira (21), o presidente Jair Bolsonaro sancionou o projeto de lei (PL) que obriga os planos de sa\u00fade a cobrirem exames que aparecem fora da lista da Ag\u00eancia Nacional da Sa\u00fade Suplementar (ANS). A medida, que acaba com o \u201crol taxativo\u201d, ser\u00e1 publicada no Di\u00e1rio Oficial da Uni\u00e3o (DOU) desta quinta (22).<\/p>\n\n\n\n<p>A proposta foi aprovada pelo Senado no dia 29 de agosto, ap\u00f3s passar pela C\u00e2mara dos Deputados. O texto muda a atual legisla\u00e7\u00e3o e determina que os planos de sa\u00fade devem pagar por exames e tratamentos segundo crit\u00e9rios espec\u00edficos.<\/p>\n\n\n\n<p>Segundo o texto, os tratamentos precisam ter efic\u00e1cia comprovada com base em evid\u00eancias cient\u00edficas e em plano terap\u00eautico, ou terem sido recomendados pela pela Comiss\u00e3o Nacional de Incorpora\u00e7\u00e3o de Tecnologias (Conitec) no Sistema \u00danico de Sa\u00fade (SUS). Recomenda\u00e7\u00f5es feitas por um \u00f3rg\u00e3o de renome internacional tamb\u00e9m contam.<\/p>\n\n\n\n<p>A Secretaria-Geral da Presid\u00eancia da Rep\u00fablica informou que Bolsonaro n\u00e3o vetou nenhum trecho do texto.<\/p>\n","protected":false},"excerpt":{"rendered":"<p>Nesta quarta-feira (21), o presidente Jair Bolsonaro sancionou o projeto de lei (PL) que obriga os planos de sa\u00fade a cobrirem exames que aparecem fora da lista da Ag\u00eancia Nacional da Sa\u00fade Suplementar (ANS). A medida, que acaba com o \u201crol taxativo\u201d, ser\u00e1 publicada no Di\u00e1rio Oficial da Uni\u00e3o (DOU) desta quinta (22). A proposta [&hellip;]<\/p>\n","protected":false},"author":2,"featured_media":12542,"comment_status":"open","ping_status":"open","sticky":false,"template":"","format":"standard","meta":[],"categories":[10],"tags":[13],"_links":{"self":[{"href":"https:\/\/dgospel.com.br\/portal\/index.php\/wp-json\/wp\/v2\/posts\/12541"}],"collection":[{"href":"https:\/\/dgospel.com.br\/portal\/index.php\/wp-json\/wp\/v2\/posts"}],"about":[{"href":"https:\/\/dgospel.com.br\/portal\/index.php\/wp-json\/wp\/v2\/types\/post"}],"author":[{"embeddable":true,"href":"https:\/\/dgospel.com.br\/portal\/index.php\/wp-json\/wp\/v2\/users\/2"}],"replies":[{"embeddable":true,"href":"https:\/\/dgospel.com.br\/portal\/index.php\/wp-json\/wp\/v2\/comments?post=12541"}],"version-history":[{"count":1,"href":"https:\/\/dgospel.com.br\/portal\/index.php\/wp-json\/wp\/v2\/posts\/12541\/revisions"}],"predecessor-version":[{"id":12543,"href":"https:\/\/dgospel.com.br\/portal\/index.php\/wp-json\/wp\/v2\/posts\/12541\/revisions\/12543"}],"wp:featuredmedia":[{"embeddable":true,"href":"https:\/\/dgospel.com.br\/portal\/index.php\/wp-json\/wp\/v2\/media\/12542"}],"wp:attachment":[{"href":"https:\/\/dgospel.com.br\/portal\/index.php\/wp-json\/wp\/v2\/media?parent=12541"}],"wp:term":[{"taxonomy":"category","embeddable":true,"href":"https:\/\/dgospel.com.br\/portal\/index.php\/wp-json\/wp\/v2\/categories?post=12541"},{"taxonomy":"post_tag","embeddable":true,"href":"https:\/\/dgospel.com.br\/portal\/index.php\/wp-json\/wp\/v2\/tags?post=12541"}],"curies":[{"name":"wp","href":"https:\/\/api.w.org\/{rel}","templated":true}]}}