{"id":12565,"date":"2022-09-23T19:06:41","date_gmt":"2022-09-23T22:06:41","guid":{"rendered":"http:\/\/dgospel.com.br\/portal\/?p=12565"},"modified":"2022-09-23T19:06:42","modified_gmt":"2022-09-23T22:06:42","slug":"rubens-uchoa-o-vereador-com-o-maior-numero-de-leis-sancionadas-em-2021-pode-ser-deputado-federal","status":"publish","type":"post","link":"https:\/\/dgospel.com.br\/portal\/index.php\/2022\/09\/23\/rubens-uchoa-o-vereador-com-o-maior-numero-de-leis-sancionadas-em-2021-pode-ser-deputado-federal\/","title":{"rendered":"Rubens Uch\u00f4a: O vereador com o maior n\u00famero de leis sancionadas em 2021 pode ser deputado federal"},"content":{"rendered":"\n<p>O vice-presidente da C\u00e2mara Municipal de Palmas, vereador Rubens Uch\u00f4a, um parlamentar atuante, que tem colocado o seu gabinete a disposi\u00e7\u00e3o da popula\u00e7\u00e3o, foi o vereador com o maior n\u00famero de leis sancionadas em 2021<\/p>\n\n\n\n<p>Segundo o parlamentar, os Projetos de Leis de sua autoria que foram sancionadas pelo executivo, t\u00eam grande relev\u00e2ncia para o bem-estar da comunidade, e para a boa administra\u00e7\u00e3o da cidade. Uch\u00f4a, que tem sido um vereador de destaque na C\u00e2mara Municipal de Palmas, n\u00e3o tem medido esfor\u00e7o para atender a popula\u00e7\u00e3o.<\/p>\n\n\n\n<p>Uch\u00f4a teve mais de 80 Projetos de Leis apresentados, sendo que o parlamentar buscou ouvir minuciosamente os anseios da popula\u00e7\u00e3o. O vereador tem atendido as demandas urgentes e emergentes, e tem sido uma voz firme em defesa da popula\u00e7\u00e3o.<\/p>\n\n\n\n<p>Homem de princ\u00edpio, din\u00e2mico e carism\u00e1tico, Rubens Uch\u00f4a, depois de fazer por Palmas, agora quer usar a sua experi\u00eancia, para como deputado federal fazer pelo Tocantins e pelo Brasil.<\/p>\n\n\n\n<p>O compromisso com seus princ\u00edpio e valores, seu posicionamento em defesa da popula\u00e7\u00e3o, da fam\u00edlia, de f\u00e9, seu trabalho, sua experi\u00eancia, o credencia para assumir uma cadeira na C\u00e2mara Federal.<\/p>\n\n\n\n<p>Rubens Uch\u00f4a, que \u00e9 cantor gospel, \u00e9 conhecido em todo estado do Tocantins, o mesmo tem recebido apoio de norte ao sul do estado, e tudo indica que estar\u00e1 entre os candidatos a deputados federais mais votados nas elei\u00e7\u00f5es de em 2 de outubro de 2022<\/p>\n","protected":false},"excerpt":{"rendered":"<p>O vice-presidente da C\u00e2mara Municipal de Palmas, vereador Rubens Uch\u00f4a, um parlamentar atuante, que tem colocado o seu gabinete a disposi\u00e7\u00e3o da popula\u00e7\u00e3o, foi o vereador com o maior n\u00famero de leis sancionadas em 2021 Segundo o parlamentar, os Projetos de Leis de sua autoria que foram sancionadas pelo executivo, t\u00eam grande relev\u00e2ncia para o [&hellip;]<\/p>\n","protected":false},"author":2,"featured_media":12566,"comment_status":"open","ping_status":"open","sticky":false,"template":"","format":"standard","meta":[],"categories":[4],"tags":[],"_links":{"self":[{"href":"https:\/\/dgospel.com.br\/portal\/index.php\/wp-json\/wp\/v2\/posts\/12565"}],"collection":[{"href":"https:\/\/dgospel.com.br\/portal\/index.php\/wp-json\/wp\/v2\/posts"}],"about":[{"href":"https:\/\/dgospel.com.br\/portal\/index.php\/wp-json\/wp\/v2\/types\/post"}],"author":[{"embeddable":true,"href":"https:\/\/dgospel.com.br\/portal\/index.php\/wp-json\/wp\/v2\/users\/2"}],"replies":[{"embeddable":true,"href":"https:\/\/dgospel.com.br\/portal\/index.php\/wp-json\/wp\/v2\/comments?post=12565"}],"version-history":[{"count":1,"href":"https:\/\/dgospel.com.br\/portal\/index.php\/wp-json\/wp\/v2\/posts\/12565\/revisions"}],"predecessor-version":[{"id":12567,"href":"https:\/\/dgospel.com.br\/portal\/index.php\/wp-json\/wp\/v2\/posts\/12565\/revisions\/12567"}],"wp:featuredmedia":[{"embeddable":true,"href":"https:\/\/dgospel.com.br\/portal\/index.php\/wp-json\/wp\/v2\/media\/12566"}],"wp:attachment":[{"href":"https:\/\/dgospel.com.br\/portal\/index.php\/wp-json\/wp\/v2\/media?parent=12565"}],"wp:term":[{"taxonomy":"category","embeddable":true,"href":"https:\/\/dgospel.com.br\/portal\/index.php\/wp-json\/wp\/v2\/categories?post=12565"},{"taxonomy":"post_tag","embeddable":true,"href":"https:\/\/dgospel.com.br\/portal\/index.php\/wp-json\/wp\/v2\/tags?post=12565"}],"curies":[{"name":"wp","href":"https:\/\/api.w.org\/{rel}","templated":true}]}}