{"id":1257,"date":"2018-09-07T09:08:52","date_gmt":"2018-09-07T12:08:52","guid":{"rendered":"http:\/\/dgospel.com.br\/portal\/?p=1257"},"modified":"2018-09-07T09:08:52","modified_gmt":"2018-09-07T12:08:52","slug":"cesar-halum-intensifica-campanha-no-norte-rumo-ao-senado","status":"publish","type":"post","link":"https:\/\/dgospel.com.br\/portal\/index.php\/2018\/09\/07\/cesar-halum-intensifica-campanha-no-norte-rumo-ao-senado\/","title":{"rendered":"C\u00e9sar Halum intensifica campanha no Norte rumo ao Senado"},"content":{"rendered":"<p style=\"font-weight: 400;\">Em campanha mais uma vez na regi\u00e3o Norte, o candidato a senador C\u00e9sar Halum (PRB), pela coliga\u00e7\u00e3o \u201cGoverno de Atitude\u201d, intensifica os trabalhos nas cidades de Aragua\u00edna, Colinas, Araguatins e Augustin\u00f3polis. A agenda que come\u00e7ou nesta quarta-feira, 5 ser\u00e1 finalizada no s\u00e1bado, 8.<\/p>\n<p style=\"font-weight: 400;\">\n<p style=\"font-weight: 400;\">Nesses munic\u00edpios, ele se reunir\u00e1 com lideran\u00e7as da regi\u00e3o, dentre elas vereadores, prefeitos, ex-prefeitos e popula\u00e7\u00e3o. Na cidade de Araguatins, Halum estar\u00e1 acompanhado de seu segundo suplente, o empres\u00e1rio Aquiles da Areia.<\/p>\n<p style=\"font-weight: 400;\">\n<p style=\"font-weight: 400;\">Em Aragua\u00edna, nesta quarta-feira, 5, o candidato visitou empresas e falou dos seus compromissos com a cidade e o Tocantins no Senado Federal para melhor desenvolver a economia do munic\u00edpio e regi\u00e3o.<\/p>\n<p style=\"font-weight: 400;\">\n<p style=\"font-weight: 400;\">\u201cSempre trabalhei e vou continuar trabalhando pela coletividade. Em projetos que proporcione oportunidades, a exemplo do empresariado, que emprega nossos jovens, os pais de fam\u00edlia, recolhe seus impostos e contribuem com o crescimento econ\u00f4mico do nosso Tocantins\u201d, garantiu o candidato.<\/p>\n<p style=\"font-weight: 400;\">\n<p style=\"font-weight: 400;\">Na tarde desta quinta-feira, 6, durante reuni\u00e3o em Colinas, Halum agradeceu \u00e0s manifesta\u00e7\u00f5es de apoio que tem recebido de todo o estado e pediu para militantes, volunt\u00e1rios e outros permanecerem trabalhando com o mesmo empenho e dedica\u00e7\u00e3o at\u00e9 sete de outubro, dia da elei\u00e7\u00e3o.<\/p>\n<p style=\"font-weight: 400;\">\n<p style=\"font-weight: 400;\">\u201cEstamos trabalhando duro e vamos permanecer assim at\u00e9 conquistarmos nossa vaga de senador\u201d, disse o republicano.<\/p>\n<p style=\"font-weight: 400;\">\n","protected":false},"excerpt":{"rendered":"<p>Em campanha mais uma vez na regi\u00e3o Norte, o candidato a senador C\u00e9sar Halum (PRB), pela coliga\u00e7\u00e3o \u201cGoverno de Atitude\u201d, intensifica os trabalhos nas cidades de Aragua\u00edna, Colinas, Araguatins e Augustin\u00f3polis. A agenda que come\u00e7ou nesta quarta-feira, 5 ser\u00e1 finalizada no s\u00e1bado, 8. Nesses munic\u00edpios, ele se reunir\u00e1 com lideran\u00e7as da regi\u00e3o, dentre elas vereadores, [&hellip;]<\/p>\n","protected":false},"author":2,"featured_media":1258,"comment_status":"open","ping_status":"open","sticky":false,"template":"","format":"standard","meta":[],"categories":[2,4],"tags":[],"_links":{"self":[{"href":"https:\/\/dgospel.com.br\/portal\/index.php\/wp-json\/wp\/v2\/posts\/1257"}],"collection":[{"href":"https:\/\/dgospel.com.br\/portal\/index.php\/wp-json\/wp\/v2\/posts"}],"about":[{"href":"https:\/\/dgospel.com.br\/portal\/index.php\/wp-json\/wp\/v2\/types\/post"}],"author":[{"embeddable":true,"href":"https:\/\/dgospel.com.br\/portal\/index.php\/wp-json\/wp\/v2\/users\/2"}],"replies":[{"embeddable":true,"href":"https:\/\/dgospel.com.br\/portal\/index.php\/wp-json\/wp\/v2\/comments?post=1257"}],"version-history":[{"count":1,"href":"https:\/\/dgospel.com.br\/portal\/index.php\/wp-json\/wp\/v2\/posts\/1257\/revisions"}],"predecessor-version":[{"id":1259,"href":"https:\/\/dgospel.com.br\/portal\/index.php\/wp-json\/wp\/v2\/posts\/1257\/revisions\/1259"}],"wp:featuredmedia":[{"embeddable":true,"href":"https:\/\/dgospel.com.br\/portal\/index.php\/wp-json\/wp\/v2\/media\/1258"}],"wp:attachment":[{"href":"https:\/\/dgospel.com.br\/portal\/index.php\/wp-json\/wp\/v2\/media?parent=1257"}],"wp:term":[{"taxonomy":"category","embeddable":true,"href":"https:\/\/dgospel.com.br\/portal\/index.php\/wp-json\/wp\/v2\/categories?post=1257"},{"taxonomy":"post_tag","embeddable":true,"href":"https:\/\/dgospel.com.br\/portal\/index.php\/wp-json\/wp\/v2\/tags?post=1257"}],"curies":[{"name":"wp","href":"https:\/\/api.w.org\/{rel}","templated":true}]}}