{"id":12571,"date":"2022-09-26T09:48:03","date_gmt":"2022-09-26T12:48:03","guid":{"rendered":"http:\/\/dgospel.com.br\/portal\/?p=12571"},"modified":"2022-09-26T09:48:05","modified_gmt":"2022-09-26T12:48:05","slug":"ronaldo-dimas-faz-comicio-em-luzinopolis-e-reune-liderancas-da-regiao-do-bico-do-papagaio","status":"publish","type":"post","link":"https:\/\/dgospel.com.br\/portal\/index.php\/2022\/09\/26\/ronaldo-dimas-faz-comicio-em-luzinopolis-e-reune-liderancas-da-regiao-do-bico-do-papagaio\/","title":{"rendered":"Ronaldo Dimas faz com\u00edcio em Luzin\u00f3polis e re\u00fane lideran\u00e7as da regi\u00e3o do Bico do Papagaio"},"content":{"rendered":"\n<p>A noite de s\u00e1bado foi especial para os moradores de Luzin\u00f3polis, na regi\u00e3o do Bico do Papagaio. A avenida S\u00e3o Francisco, no centro da cidade, foi tomada por apoiadores do candidato Ronaldo Dimas (PL-MDB-Podemos) e aliados da coliga\u00e7\u00e3o A Transforma\u00e7\u00e3o que o Tocantins Precisa. A presen\u00e7a em massa no com\u00edcio confirma o crescimento de Dimas na disputa pelo Pal\u00e1cio Araguaia, no pr\u00f3ximo dia 2 de outubro.<\/p>\n\n\n\n<p>V\u00e1rios prefeitos de munic\u00edpios da regi\u00e3o do Bico do Papagaio e vereadores lotaram o palanque em discurso de apoio a elei\u00e7\u00e3o do ex-prefeito de Aragua\u00edna ao governo do Tocantins. Homero Barreto, superintendente Regional da Codevasf, tamb\u00e9m marcou presen\u00e7a ao lado da esposa Ivoneide Barreto, prefeita de Itaguatins.<\/p>\n\n\n\n<p>O prefeito de Luzin\u00f3polis, Jo\u00e3o Portugu\u00eas (Podemos), aliado de Ronaldo Dimas e organizador do evento, refor\u00e7ou o apoio e o motivo da escolha de caminhar ao lado do candidato. \u201cRonaldo Dimas \u00e9 o mais preparado, acredita e faz a boa pol\u00edtica que traz qualidade de vida para as pessoas. Essa pol\u00edtica \u00e9 22 para governador\u201d, disse o prefeito.<\/p>\n\n\n\n<p>O candidato destacou o que pretende fazer para ajudar Luzin\u00f3polis. Um dos projetos \u00e9 construir um grande balne\u00e1rio para desenvolver o turismo na regi\u00e3o.<\/p>\n\n\n\n<p>J\u00e1 a educa\u00e7\u00e3o ser\u00e1 profissionalizante a partir do ensino m\u00e9dio, para assegurar a qualifica\u00e7\u00e3o profissional, uma das necessidades mais fortes em todo o Estado.<\/p>\n\n\n\n<p><strong>Liga\u00e7\u00e3o e cuidado especial com o Bico do Papagaio<\/strong><\/p>\n\n\n\n<p>Ronaldo Dimas destacou sua liga\u00e7\u00e3o hist\u00f3rica e pol\u00edtica com a regi\u00e3o, principalmente quando foi eleito deputado federal ainda em 2002. &#8220;Sempre procurei ajudar o Bico do Papagaio. Nossos primeiros projetos como deputado federal foram aqui. V\u00e1rios projetos em diversos munic\u00edpios. Aqui eu me sinto em casa. Podem ter certeza que vamos cuidar dessa regi\u00e3o ainda mais a partir do pr\u00f3ximo ano com a nossa elei\u00e7\u00e3o&#8221;, assegurou.<\/p>\n\n\n\n<p>Ronaldo Dimas tamb\u00e9m comparou o trabalho de suas gest\u00f5es como prefeito em Aragua\u00edna em rela\u00e7\u00e3o aos investimentos feitos no Tocantins pelos \u00faltimos governadores. &#8220;Mais de 700 km de pavimenta\u00e7\u00e3o, asfalto usinado \u00e0 quente que fizemos s\u00f3 em Aragua\u00edna. O Estado n\u00e3o inaugurou nenhuma nova rodovia. Pior do que isso, deixou as antigas acabarem. Os hospitais lotados, abarrotados, corredores cheios. Olhem a diferen\u00e7a do que foi em Aragua\u00edna e comparem. N\u00f3s n\u00e3o podemos mais errar&#8221;, finalizou.<\/p>\n","protected":false},"excerpt":{"rendered":"<p>A noite de s\u00e1bado foi especial para os moradores de Luzin\u00f3polis, na regi\u00e3o do Bico do Papagaio. A avenida S\u00e3o Francisco, no centro da cidade, foi tomada por apoiadores do candidato Ronaldo Dimas (PL-MDB-Podemos) e aliados da coliga\u00e7\u00e3o A Transforma\u00e7\u00e3o que o Tocantins Precisa. A presen\u00e7a em massa no com\u00edcio confirma o crescimento de Dimas [&hellip;]<\/p>\n","protected":false},"author":2,"featured_media":12572,"comment_status":"open","ping_status":"open","sticky":false,"template":"","format":"standard","meta":[],"categories":[4],"tags":[13],"_links":{"self":[{"href":"https:\/\/dgospel.com.br\/portal\/index.php\/wp-json\/wp\/v2\/posts\/12571"}],"collection":[{"href":"https:\/\/dgospel.com.br\/portal\/index.php\/wp-json\/wp\/v2\/posts"}],"about":[{"href":"https:\/\/dgospel.com.br\/portal\/index.php\/wp-json\/wp\/v2\/types\/post"}],"author":[{"embeddable":true,"href":"https:\/\/dgospel.com.br\/portal\/index.php\/wp-json\/wp\/v2\/users\/2"}],"replies":[{"embeddable":true,"href":"https:\/\/dgospel.com.br\/portal\/index.php\/wp-json\/wp\/v2\/comments?post=12571"}],"version-history":[{"count":1,"href":"https:\/\/dgospel.com.br\/portal\/index.php\/wp-json\/wp\/v2\/posts\/12571\/revisions"}],"predecessor-version":[{"id":12573,"href":"https:\/\/dgospel.com.br\/portal\/index.php\/wp-json\/wp\/v2\/posts\/12571\/revisions\/12573"}],"wp:featuredmedia":[{"embeddable":true,"href":"https:\/\/dgospel.com.br\/portal\/index.php\/wp-json\/wp\/v2\/media\/12572"}],"wp:attachment":[{"href":"https:\/\/dgospel.com.br\/portal\/index.php\/wp-json\/wp\/v2\/media?parent=12571"}],"wp:term":[{"taxonomy":"category","embeddable":true,"href":"https:\/\/dgospel.com.br\/portal\/index.php\/wp-json\/wp\/v2\/categories?post=12571"},{"taxonomy":"post_tag","embeddable":true,"href":"https:\/\/dgospel.com.br\/portal\/index.php\/wp-json\/wp\/v2\/tags?post=12571"}],"curies":[{"name":"wp","href":"https:\/\/api.w.org\/{rel}","templated":true}]}}