{"id":12577,"date":"2022-09-26T10:11:29","date_gmt":"2022-09-26T13:11:29","guid":{"rendered":"http:\/\/dgospel.com.br\/portal\/?p=12577"},"modified":"2022-09-26T10:11:30","modified_gmt":"2022-09-26T13:11:30","slug":"giorgia-meloni-diz-que-direita-vai-governar-para-unir-italia","status":"publish","type":"post","link":"https:\/\/dgospel.com.br\/portal\/index.php\/2022\/09\/26\/giorgia-meloni-diz-que-direita-vai-governar-para-unir-italia\/","title":{"rendered":"Giorgia Meloni diz que direita vai governar para unir It\u00e1lia"},"content":{"rendered":"\n<p>A l\u00edder do partido Irm\u00e3os de It\u00e1lia (FdI), Giorgia Meloni, disse que a coaliz\u00e3o de direita, que venceu as elei\u00e7\u00f5es gerais italianas deste domingo (26), vai governar para unir o pa\u00eds. Esta foi a primeira declara\u00e7\u00e3o p\u00fablica de Meloni depois que sua legenda, uma das tr\u00eas que formam a coaliz\u00e3o direitista, foi a mais votada no pleito.<\/p>\n\n\n\n<p>Em discurso em um hotel nos arredores de Roma no in\u00edcio da madrugada de segunda-feira, Meloni evitou tons triunfalistas e garantiu que a coaliz\u00e3o tamb\u00e9m composta pela Liga, de Matteo Salvini, e o For\u00e7a It\u00e1lia, de Silvio Berlusconi, governar\u00e1 \u201cpara que os italianos possam se orgulhar de serem italianos\u201d.<\/p>\n\n\n\n<p>De acordo com os resultados parciais, o FdI foi o partido mais votado, com cerca de 26%, e a coaliz\u00e3o obteve 43%, contra 26% do bloco progressista liderado pelo Partido Democrata (PD).<\/p>\n\n\n\n<p>\u2013 Os italianos deram uma indica\u00e7\u00e3o clara a partir das urnas, e a indica\u00e7\u00e3o \u00e9 para um governo de centro-direita sob a orienta\u00e7\u00e3o do Irm\u00e3os de It\u00e1lia \u2013 disse Meloni.<\/p>\n\n\n\n<p>Ela tamb\u00e9m afirmou que \u00e9 \u201chora de os italianos terem novamente um governo que saia de uma indica\u00e7\u00e3o nas urnas\u201d.<\/p>\n\n\n\n<p>Meloni lamentou que a campanha eleitoral tenha sido \u201cagressiva e violenta\u201d e ressaltou que \u201ca It\u00e1lia e a Uni\u00e3o Europeia precisam da contribui\u00e7\u00e3o de todos para a complexa situa\u00e7\u00e3o em que nos encontramos\u201d.<\/p>\n\n\n\n<p>Ela tamb\u00e9m se mostrou descontente com a taxa de absten\u00e7\u00e3o no pleito (36%) e declarou como objetivo \u201creconstruir a rela\u00e7\u00e3o entre o Estado e os cidad\u00e3os\u201d.<\/p>\n\n\n\n<p>*EFE<\/p>\n","protected":false},"excerpt":{"rendered":"<p>A l\u00edder do partido Irm\u00e3os de It\u00e1lia (FdI), Giorgia Meloni, disse que a coaliz\u00e3o de direita, que venceu as elei\u00e7\u00f5es gerais italianas deste domingo (26), vai governar para unir o pa\u00eds. Esta foi a primeira declara\u00e7\u00e3o p\u00fablica de Meloni depois que sua legenda, uma das tr\u00eas que formam a coaliz\u00e3o direitista, foi a mais votada [&hellip;]<\/p>\n","protected":false},"author":2,"featured_media":12578,"comment_status":"open","ping_status":"open","sticky":false,"template":"","format":"standard","meta":[],"categories":[16],"tags":[],"_links":{"self":[{"href":"https:\/\/dgospel.com.br\/portal\/index.php\/wp-json\/wp\/v2\/posts\/12577"}],"collection":[{"href":"https:\/\/dgospel.com.br\/portal\/index.php\/wp-json\/wp\/v2\/posts"}],"about":[{"href":"https:\/\/dgospel.com.br\/portal\/index.php\/wp-json\/wp\/v2\/types\/post"}],"author":[{"embeddable":true,"href":"https:\/\/dgospel.com.br\/portal\/index.php\/wp-json\/wp\/v2\/users\/2"}],"replies":[{"embeddable":true,"href":"https:\/\/dgospel.com.br\/portal\/index.php\/wp-json\/wp\/v2\/comments?post=12577"}],"version-history":[{"count":1,"href":"https:\/\/dgospel.com.br\/portal\/index.php\/wp-json\/wp\/v2\/posts\/12577\/revisions"}],"predecessor-version":[{"id":12579,"href":"https:\/\/dgospel.com.br\/portal\/index.php\/wp-json\/wp\/v2\/posts\/12577\/revisions\/12579"}],"wp:featuredmedia":[{"embeddable":true,"href":"https:\/\/dgospel.com.br\/portal\/index.php\/wp-json\/wp\/v2\/media\/12578"}],"wp:attachment":[{"href":"https:\/\/dgospel.com.br\/portal\/index.php\/wp-json\/wp\/v2\/media?parent=12577"}],"wp:term":[{"taxonomy":"category","embeddable":true,"href":"https:\/\/dgospel.com.br\/portal\/index.php\/wp-json\/wp\/v2\/categories?post=12577"},{"taxonomy":"post_tag","embeddable":true,"href":"https:\/\/dgospel.com.br\/portal\/index.php\/wp-json\/wp\/v2\/tags?post=12577"}],"curies":[{"name":"wp","href":"https:\/\/api.w.org\/{rel}","templated":true}]}}