{"id":12583,"date":"2022-09-26T10:33:25","date_gmt":"2022-09-26T13:33:25","guid":{"rendered":"http:\/\/dgospel.com.br\/portal\/?p=12583"},"modified":"2022-09-26T10:33:26","modified_gmt":"2022-09-26T13:33:26","slug":"pt-escala-marina-e-alckmin-na-busca-pelo-voto-evangelico","status":"publish","type":"post","link":"https:\/\/dgospel.com.br\/portal\/index.php\/2022\/09\/26\/pt-escala-marina-e-alckmin-na-busca-pelo-voto-evangelico\/","title":{"rendered":"PT escala Marina e Alckmin na busca pelo voto evang\u00e9lico"},"content":{"rendered":"\n<p>A menos de dez dias das elei\u00e7\u00f5es, a campanha do candidato \u00e0 Presid\u00eancia Luiz In\u00e1cio Lula da Silva (PT) vai intensificar o movimento em busca do voto evang\u00e9lico, segmento no qual o presidente Jair Bolsonaro (PL) tem ampla vantagem.<\/p>\n\n\n\n<p>A ex-ministra Marina Silva (Rede), que declarou apoio p\u00fablico ao petista, e o candidato a vice Geraldo Alckmin (PSB) ser\u00e3o escalados para atrair esses eleitores religiosos.<\/p>\n\n\n\n<p>Marina \u00e9 evang\u00e9lica e \u00e9 identificada como algu\u00e9m com grande respeitabilidade entre o segmento. Alckmin \u00e9 cat\u00f3lico praticante, mas tamb\u00e9m foi designado para atrair esses eleitores.<\/p>\n\n\n\n<p>A campanha est\u00e1 tra\u00e7ando poss\u00edveis programa\u00e7\u00f5es para os dois nos pr\u00f3ximos dias, de acordo com o pastor presbiteriano Lu\u00eds Sabanay, que coordena o n\u00facleo de evang\u00e9licos da sigla.<\/p>\n\n\n\n<p><strong>COMIT\u00ca EVANG\u00c9LICO<\/strong><br>A campanha instituiu um Comit\u00ea Evang\u00e9lico para dar organicidade \u00e0s a\u00e7\u00f5es em busca dos eleitores do segmento. O n\u00facleo organizou uma agenda de atividades di\u00e1rias para dialogar diretamente com esse p\u00fablico e que ter\u00e1 continuidade nessa reta final.<\/p>\n\n\n\n<p>Batalhas nas redes sociais com postagens que abordam temas do cotidiano imediato da elei\u00e7\u00e3o, massifica\u00e7\u00e3o de material nas redes em hor\u00e1rios de picos e panfletagens com mensagens aos religiosos em todo o Brasil ser\u00e3o intensificadas. O cronograma vai at\u00e9 primeiro de outubro, um dia antes das elei\u00e7\u00f5es.<\/p>\n\n\n\n<p>Com foco nos col\u00e9gios eleitorais mais representativos do pa\u00eds, S\u00e3o Paulo, Minas Gerais e Rio de Janeiro ser\u00e3o prioridades tamb\u00e9m do Comit\u00ea.<\/p>\n\n\n\n<p>Na pr\u00f3xima ter\u00e7a-feira (27), o fundador e coordenador nacional da Frente de Evang\u00e9licos pelo Estado de Direito, Ariovaldo Ramos, que participa da comunica\u00e7\u00e3o da campanha junto aos religiosos, se reunir\u00e1 em Minas com o candidato ao governo apoiado pelo PT, Alexandre Kalil (PSD), em um encontro com evang\u00e9licos.<\/p>\n\n\n\n<p>\u2013 N\u00f3s pedimos para cada coordena\u00e7\u00e3o estadual fazer com que a campanha de Lula e Alckmin seja vis\u00edvel. E como se d\u00e1 isso? Atrav\u00e9s de testemunho. Qual a diferen\u00e7a da nossa campanha e da campanha do Bolsonaro? N\u00e3o instrumentalizamos religi\u00e3o \u2013 disse Sabanay.<\/p>\n\n\n\n<p><strong>PESQUISA<\/strong><br>De acordo com a pesquisa Datafolha divulgada na \u00faltima quinta-feira (22), o chefe do Executivo lidera entre os evang\u00e9licos com 50%, enquanto Lula aparece com 32%. A diferen\u00e7a reduziu: no dia 9 de setembro, o placar era de 51% a 28%, respectivamente. A melhora \u00e9 atribu\u00edda \u00e0s a\u00e7\u00f5es promovidas neste \u00faltimo m\u00eas.<\/p>\n\n\n\n<p>O objetivo da campanha n\u00e3o \u00e9, no entanto, reverter os \u00edndices, mas reduzir a dist\u00e2ncia. O foco na busca pelos votos continua sendo, essencialmente, a mulher evang\u00e9lica, maior parte negra e perif\u00e9rica.<\/p>\n\n\n\n<p>Esse perfil cuida do lar e da fam\u00edlia, que rejeita a pauta armamentista por preservar a seguran\u00e7a dos filhos e temer a viol\u00eancia dentro de casa e que sente diariamente as consequ\u00eancias da crise econ\u00f4mica \u2013 temas que contrastam, justamente, com o perfil do principal advers\u00e1rio na corrida presidencial.<\/p>\n\n\n\n<p>*AE<\/p>\n","protected":false},"excerpt":{"rendered":"<p>A menos de dez dias das elei\u00e7\u00f5es, a campanha do candidato \u00e0 Presid\u00eancia Luiz In\u00e1cio Lula da Silva (PT) vai intensificar o movimento em busca do voto evang\u00e9lico, segmento no qual o presidente Jair Bolsonaro (PL) tem ampla vantagem. A ex-ministra Marina Silva (Rede), que declarou apoio p\u00fablico ao petista, e o candidato a vice [&hellip;]<\/p>\n","protected":false},"author":2,"featured_media":12584,"comment_status":"open","ping_status":"open","sticky":false,"template":"","format":"standard","meta":[],"categories":[4],"tags":[],"_links":{"self":[{"href":"https:\/\/dgospel.com.br\/portal\/index.php\/wp-json\/wp\/v2\/posts\/12583"}],"collection":[{"href":"https:\/\/dgospel.com.br\/portal\/index.php\/wp-json\/wp\/v2\/posts"}],"about":[{"href":"https:\/\/dgospel.com.br\/portal\/index.php\/wp-json\/wp\/v2\/types\/post"}],"author":[{"embeddable":true,"href":"https:\/\/dgospel.com.br\/portal\/index.php\/wp-json\/wp\/v2\/users\/2"}],"replies":[{"embeddable":true,"href":"https:\/\/dgospel.com.br\/portal\/index.php\/wp-json\/wp\/v2\/comments?post=12583"}],"version-history":[{"count":1,"href":"https:\/\/dgospel.com.br\/portal\/index.php\/wp-json\/wp\/v2\/posts\/12583\/revisions"}],"predecessor-version":[{"id":12585,"href":"https:\/\/dgospel.com.br\/portal\/index.php\/wp-json\/wp\/v2\/posts\/12583\/revisions\/12585"}],"wp:featuredmedia":[{"embeddable":true,"href":"https:\/\/dgospel.com.br\/portal\/index.php\/wp-json\/wp\/v2\/media\/12584"}],"wp:attachment":[{"href":"https:\/\/dgospel.com.br\/portal\/index.php\/wp-json\/wp\/v2\/media?parent=12583"}],"wp:term":[{"taxonomy":"category","embeddable":true,"href":"https:\/\/dgospel.com.br\/portal\/index.php\/wp-json\/wp\/v2\/categories?post=12583"},{"taxonomy":"post_tag","embeddable":true,"href":"https:\/\/dgospel.com.br\/portal\/index.php\/wp-json\/wp\/v2\/tags?post=12583"}],"curies":[{"name":"wp","href":"https:\/\/api.w.org\/{rel}","templated":true}]}}