{"id":12589,"date":"2022-09-26T15:26:31","date_gmt":"2022-09-26T18:26:31","guid":{"rendered":"http:\/\/dgospel.com.br\/portal\/?p=12589"},"modified":"2022-09-26T15:26:31","modified_gmt":"2022-09-26T18:26:31","slug":"nicaragua-proibe-cristaos-de-celebrar-o-dia-da-biblia-nas-ruas","status":"publish","type":"post","link":"https:\/\/dgospel.com.br\/portal\/index.php\/2022\/09\/26\/nicaragua-proibe-cristaos-de-celebrar-o-dia-da-biblia-nas-ruas\/","title":{"rendered":"Nicar\u00e1gua pro\u00edbe crist\u00e3os de celebrar o Dia da B\u00edblia nas ruas"},"content":{"rendered":"\n<p>A Pol\u00edcia Nacional da Nicar\u00e1gua proibiu duas prociss\u00f5es cat\u00f3licas e a comemora\u00e7\u00e3o do 453\u00ba anivers\u00e1rio da tradu\u00e7\u00e3o da B\u00edblia para o espanhol em algumas partes do pa\u00eds.<\/p>\n\n\n\n<p>No caso da Igreja Cat\u00f3lica, as par\u00f3quias dedicadas a S\u00e3o Miguel Arcanjo, em Man\u00e1gua, e S\u00e3o Francisco de Assis, em Camoapa, informaram que n\u00e3o poder\u00e3o celebrar as prociss\u00f5es, devido a uma proibi\u00e7\u00e3o por parte das autoridades.<\/p>\n\n\n\n<p>\u2013 Recebemos uma notifica\u00e7\u00e3o das autoridades policiais de que n\u00e3o \u00e9 permitido realizar nenhuma atividade fora da par\u00f3quia \u2013 explicou a par\u00f3quia de S\u00e3o Miguel Arcanjo, em Man\u00e1gua, em sua conta no Facebook, um meio de comunica\u00e7\u00e3o usado pela Igreja Cat\u00f3lica na Nicar\u00e1gua ap\u00f3s o fechamento de pelo menos nove emissoras de r\u00e1dio e tr\u00eas emissoras de televis\u00e3o, e o bloqueio da emiss\u00e3o do Canal Cat\u00f3lico.<\/p>\n\n\n\n<p>Estava prevista a igreja realizar na \u00faltima sexta-feira (23) uma prociss\u00e3o.<\/p>\n\n\n\n<p>\u2013 Foi suspensa e tudo ser\u00e1 realizado no interior da igreja paroquial \u2013 informou a par\u00f3quia.<\/p>\n\n\n\n<p>O Conselho Paroquial do templo de S\u00e3o Francisco de Assis, em Camoapa, uma cidade central localizada a 113 quil\u00f4metros de Man\u00e1gua, comunicou \u00e0 imprensa local uma situa\u00e7\u00e3o semelhante \u00e0 ocorrida na capital do pa\u00eds.<\/p>\n\n\n\n<p>Enquanto isso, o Conselho Nacional de Pastores Evang\u00e9licos da cidade de Nagarote (Pac\u00edfico) advertiu sobre a proibi\u00e7\u00e3o da celebra\u00e7\u00e3o dedicada \u00e0 tradu\u00e7\u00e3o da B\u00edblia.<\/p>\n\n\n\n<p>Pastores emitiram um comunicado no qual afirmavam que \u201cpor ordem das autoridades civis, o 453\u00ba anivers\u00e1rio da tradu\u00e7\u00e3o da B\u00edblia para o espanhol n\u00e3o ser\u00e1 celebrado, eles afirmam que o motivo \u00e9 a seguran\u00e7a dos participantes\u201d.<\/p>\n\n\n\n<p>Os evang\u00e9licos celebram nas ruas sempre no \u00faltimo domingo do m\u00eas de setembro.<\/p>\n\n\n\n<p>\u2013 Convidamos cada um de voc\u00eas a realizar suas celebra\u00e7\u00f5es em seus templos, elevar ora\u00e7\u00f5es a Deus para que possamos viver tranquila e pacificamente \u2013 destacou o Conselho Nacional de Pastores Evang\u00e9licos de Nagarote.<\/p>\n\n\n\n<p>Tanto os l\u00edderes religiosos cat\u00f3licos quanto os evang\u00e9licos decidiram acatar as proibi\u00e7\u00f5es oficiais e recomendaram aos seus fi\u00e9is que realizassem suas atividades dentro de seus templos.<\/p>\n\n\n\n<p>As proibi\u00e7\u00f5es religiosas acontecem em meio ao mais recente cap\u00edtulo de uma hist\u00f3ria de confrontos entre Ortega e a Igreja Cat\u00f3lica que remonta h\u00e1 43 anos e que at\u00e9 agora n\u00e3o havia tocado a f\u00e9 evang\u00e9lica.<\/p>\n\n\n\n<p>Segundo dados oficiais, o catolicismo \u00e9 a religi\u00e3o mais seguida na Nicar\u00e1gua, com 58,8% de seus 6,6 milh\u00f5es de habitantes, seguido pelos evang\u00e9licos, com 38% da popula\u00e7\u00e3o, embora afirmem que essa propor\u00e7\u00e3o tem crescido nos \u00faltimos anos.<\/p>\n\n\n\n<p>*EFE<\/p>\n","protected":false},"excerpt":{"rendered":"<p>A Pol\u00edcia Nacional da Nicar\u00e1gua proibiu duas prociss\u00f5es cat\u00f3licas e a comemora\u00e7\u00e3o do 453\u00ba anivers\u00e1rio da tradu\u00e7\u00e3o da B\u00edblia para o espanhol em algumas partes do pa\u00eds. No caso da Igreja Cat\u00f3lica, as par\u00f3quias dedicadas a S\u00e3o Miguel Arcanjo, em Man\u00e1gua, e S\u00e3o Francisco de Assis, em Camoapa, informaram que n\u00e3o poder\u00e3o celebrar as prociss\u00f5es, [&hellip;]<\/p>\n","protected":false},"author":2,"featured_media":12590,"comment_status":"open","ping_status":"open","sticky":false,"template":"","format":"standard","meta":[],"categories":[16],"tags":[],"_links":{"self":[{"href":"https:\/\/dgospel.com.br\/portal\/index.php\/wp-json\/wp\/v2\/posts\/12589"}],"collection":[{"href":"https:\/\/dgospel.com.br\/portal\/index.php\/wp-json\/wp\/v2\/posts"}],"about":[{"href":"https:\/\/dgospel.com.br\/portal\/index.php\/wp-json\/wp\/v2\/types\/post"}],"author":[{"embeddable":true,"href":"https:\/\/dgospel.com.br\/portal\/index.php\/wp-json\/wp\/v2\/users\/2"}],"replies":[{"embeddable":true,"href":"https:\/\/dgospel.com.br\/portal\/index.php\/wp-json\/wp\/v2\/comments?post=12589"}],"version-history":[{"count":1,"href":"https:\/\/dgospel.com.br\/portal\/index.php\/wp-json\/wp\/v2\/posts\/12589\/revisions"}],"predecessor-version":[{"id":12591,"href":"https:\/\/dgospel.com.br\/portal\/index.php\/wp-json\/wp\/v2\/posts\/12589\/revisions\/12591"}],"wp:featuredmedia":[{"embeddable":true,"href":"https:\/\/dgospel.com.br\/portal\/index.php\/wp-json\/wp\/v2\/media\/12590"}],"wp:attachment":[{"href":"https:\/\/dgospel.com.br\/portal\/index.php\/wp-json\/wp\/v2\/media?parent=12589"}],"wp:term":[{"taxonomy":"category","embeddable":true,"href":"https:\/\/dgospel.com.br\/portal\/index.php\/wp-json\/wp\/v2\/categories?post=12589"},{"taxonomy":"post_tag","embeddable":true,"href":"https:\/\/dgospel.com.br\/portal\/index.php\/wp-json\/wp\/v2\/tags?post=12589"}],"curies":[{"name":"wp","href":"https:\/\/api.w.org\/{rel}","templated":true}]}}