{"id":12595,"date":"2022-09-26T15:40:13","date_gmt":"2022-09-26T18:40:13","guid":{"rendered":"http:\/\/dgospel.com.br\/portal\/?p=12595"},"modified":"2022-09-26T15:40:14","modified_gmt":"2022-09-26T18:40:14","slug":"filha-de-silvio-santos-manifesta-apoio-a-bolsonaro-capitao","status":"publish","type":"post","link":"https:\/\/dgospel.com.br\/portal\/index.php\/2022\/09\/26\/filha-de-silvio-santos-manifesta-apoio-a-bolsonaro-capitao\/","title":{"rendered":"Filha de Silvio Santos manifesta apoio a Bolsonaro: \u201cCapit\u00e3o\u201d"},"content":{"rendered":"\n<p>A apresentadora Silvia Abravanel, filha de Silvio Santos, declarou apoio ao presidente Jair Bolsonaro (PL), que \u00e9 candidato \u00e0 reelei\u00e7\u00e3o. Ela se manifestou por meio das redes sociais.<\/p>\n\n\n\n<p>\u2013 Deus, p\u00e1tria e fam\u00edlia \u2013 escreveu Silvia, em uma publica\u00e7\u00e3o do Instagram.<\/p>\n\n\n\n<p>J\u00e1 nos stories, ela apontou que o chefe do Executivo \u00e9 o \u201ccapit\u00e3o do povo\u201d. Ela tamb\u00e9m escreveu que \u00e9 \u201c22 at\u00e9 2026\u201d.<\/p>\n\n\n\n<figure class=\"wp-block-image\"><img src=\"https:\/\/static.cdn.pleno.news\/2022\/09\/Screenshot-2022-09-26T092449.361.png\" alt=\"\" class=\"wp-image-1017195\"\/><\/figure>\n\n\n\n<figure class=\"wp-block-image\"><img src=\"https:\/\/static.cdn.pleno.news\/2022\/09\/Screenshot-2022-09-26T092411.691.png\" alt=\"\" class=\"wp-image-1017196\"\/><\/figure>\n","protected":false},"excerpt":{"rendered":"<p>A apresentadora Silvia Abravanel, filha de Silvio Santos, declarou apoio ao presidente Jair Bolsonaro (PL), que \u00e9 candidato \u00e0 reelei\u00e7\u00e3o. Ela se manifestou por meio das redes sociais. \u2013 Deus, p\u00e1tria e fam\u00edlia \u2013 escreveu Silvia, em uma publica\u00e7\u00e3o do Instagram. J\u00e1 nos stories, ela apontou que o chefe do Executivo \u00e9 o \u201ccapit\u00e3o do [&hellip;]<\/p>\n","protected":false},"author":2,"featured_media":12596,"comment_status":"open","ping_status":"open","sticky":false,"template":"","format":"standard","meta":[],"categories":[4],"tags":[],"_links":{"self":[{"href":"https:\/\/dgospel.com.br\/portal\/index.php\/wp-json\/wp\/v2\/posts\/12595"}],"collection":[{"href":"https:\/\/dgospel.com.br\/portal\/index.php\/wp-json\/wp\/v2\/posts"}],"about":[{"href":"https:\/\/dgospel.com.br\/portal\/index.php\/wp-json\/wp\/v2\/types\/post"}],"author":[{"embeddable":true,"href":"https:\/\/dgospel.com.br\/portal\/index.php\/wp-json\/wp\/v2\/users\/2"}],"replies":[{"embeddable":true,"href":"https:\/\/dgospel.com.br\/portal\/index.php\/wp-json\/wp\/v2\/comments?post=12595"}],"version-history":[{"count":1,"href":"https:\/\/dgospel.com.br\/portal\/index.php\/wp-json\/wp\/v2\/posts\/12595\/revisions"}],"predecessor-version":[{"id":12597,"href":"https:\/\/dgospel.com.br\/portal\/index.php\/wp-json\/wp\/v2\/posts\/12595\/revisions\/12597"}],"wp:featuredmedia":[{"embeddable":true,"href":"https:\/\/dgospel.com.br\/portal\/index.php\/wp-json\/wp\/v2\/media\/12596"}],"wp:attachment":[{"href":"https:\/\/dgospel.com.br\/portal\/index.php\/wp-json\/wp\/v2\/media?parent=12595"}],"wp:term":[{"taxonomy":"category","embeddable":true,"href":"https:\/\/dgospel.com.br\/portal\/index.php\/wp-json\/wp\/v2\/categories?post=12595"},{"taxonomy":"post_tag","embeddable":true,"href":"https:\/\/dgospel.com.br\/portal\/index.php\/wp-json\/wp\/v2\/tags?post=12595"}],"curies":[{"name":"wp","href":"https:\/\/api.w.org\/{rel}","templated":true}]}}