{"id":12598,"date":"2022-09-26T15:46:51","date_gmt":"2022-09-26T18:46:51","guid":{"rendered":"http:\/\/dgospel.com.br\/portal\/?p=12598"},"modified":"2022-09-26T15:46:53","modified_gmt":"2022-09-26T18:46:53","slug":"delegados-da-pf-denunciam-moraes-por-abuso-de-autoridade","status":"publish","type":"post","link":"https:\/\/dgospel.com.br\/portal\/index.php\/2022\/09\/26\/delegados-da-pf-denunciam-moraes-por-abuso-de-autoridade\/","title":{"rendered":"Delegados da PF denunciam Moraes por \u2018abuso de autoridade\u2019"},"content":{"rendered":"\n<p>Um grupo formado por 131 delegados da Pol\u00edcia Federal apresentou uma not\u00edcia-crime no Minist\u00e9rio P\u00fablico Federal (MPF) contra o ministro Alexandre de Moraes, do Supremo Tribunal Federal (STF), e F\u00e1bio Alvarez Shor, delegado da Diretoria de Intelig\u00eancia da PF. Eles afirmam que h\u00e1 ind\u00edcios de abuso de autoridade na opera\u00e7\u00e3o contra empres\u00e1rios alinhados ao presidente Jair Bolsonaro (PL), acusados de defender um golpe de Estado em um grupo de WhatsApp.<\/p>\n\n\n\n<p>De acordo com informa\u00e7\u00f5es dos colunistas Mirelle Pinheiro e Carlos Carone, do portal Metr\u00f3poles, o documento sustenta que os argumentos utilizados pelo ministro para deflagrar a a\u00e7\u00e3o s\u00e3o \u201cinacredit\u00e1veis\u201d.<\/p>\n\n\n\n<p>O texto enfatiza ainda que, para que haja atentado contra o Estado Democr\u00e1tico de Direito, deve se pressupor \u201cviol\u00eancia ou grave amea\u00e7a (grifos), como prev\u00ea o artigo 359-M do C\u00f3digo Penal. Ora, inexistiu a viol\u00eancia! Quanto \u00e0 grave amea\u00e7a, essa n\u00e3o saiu do campo da cogita\u00e7\u00e3o. Portanto, inexistente\u201d.<\/p>\n\n\n\n<p>O texto ainda pontua que h\u00e1 \u201cn\u00edtido car\u00e1ter pol\u00edtico-partid\u00e1rio\u201d e falta de imparcialidade nas decis\u00f5es recentes do magistrado. Assim, \u00e9 solicitado que a PGR \u201cadote as provid\u00eancias cab\u00edveis\u201d e que a investiga\u00e7\u00e3o contra os empres\u00e1rios seja anulada.<\/p>\n","protected":false},"excerpt":{"rendered":"<p>Um grupo formado por 131 delegados da Pol\u00edcia Federal apresentou uma not\u00edcia-crime no Minist\u00e9rio P\u00fablico Federal (MPF) contra o ministro Alexandre de Moraes, do Supremo Tribunal Federal (STF), e F\u00e1bio Alvarez Shor, delegado da Diretoria de Intelig\u00eancia da PF. Eles afirmam que h\u00e1 ind\u00edcios de abuso de autoridade na opera\u00e7\u00e3o contra empres\u00e1rios alinhados ao presidente [&hellip;]<\/p>\n","protected":false},"author":2,"featured_media":12599,"comment_status":"open","ping_status":"open","sticky":false,"template":"","format":"standard","meta":[],"categories":[10],"tags":[],"_links":{"self":[{"href":"https:\/\/dgospel.com.br\/portal\/index.php\/wp-json\/wp\/v2\/posts\/12598"}],"collection":[{"href":"https:\/\/dgospel.com.br\/portal\/index.php\/wp-json\/wp\/v2\/posts"}],"about":[{"href":"https:\/\/dgospel.com.br\/portal\/index.php\/wp-json\/wp\/v2\/types\/post"}],"author":[{"embeddable":true,"href":"https:\/\/dgospel.com.br\/portal\/index.php\/wp-json\/wp\/v2\/users\/2"}],"replies":[{"embeddable":true,"href":"https:\/\/dgospel.com.br\/portal\/index.php\/wp-json\/wp\/v2\/comments?post=12598"}],"version-history":[{"count":1,"href":"https:\/\/dgospel.com.br\/portal\/index.php\/wp-json\/wp\/v2\/posts\/12598\/revisions"}],"predecessor-version":[{"id":12600,"href":"https:\/\/dgospel.com.br\/portal\/index.php\/wp-json\/wp\/v2\/posts\/12598\/revisions\/12600"}],"wp:featuredmedia":[{"embeddable":true,"href":"https:\/\/dgospel.com.br\/portal\/index.php\/wp-json\/wp\/v2\/media\/12599"}],"wp:attachment":[{"href":"https:\/\/dgospel.com.br\/portal\/index.php\/wp-json\/wp\/v2\/media?parent=12598"}],"wp:term":[{"taxonomy":"category","embeddable":true,"href":"https:\/\/dgospel.com.br\/portal\/index.php\/wp-json\/wp\/v2\/categories?post=12598"},{"taxonomy":"post_tag","embeddable":true,"href":"https:\/\/dgospel.com.br\/portal\/index.php\/wp-json\/wp\/v2\/tags?post=12598"}],"curies":[{"name":"wp","href":"https:\/\/api.w.org\/{rel}","templated":true}]}}