{"id":1260,"date":"2018-09-07T09:24:28","date_gmt":"2018-09-07T12:24:28","guid":{"rendered":"http:\/\/dgospel.com.br\/portal\/?p=1260"},"modified":"2018-09-07T09:24:28","modified_gmt":"2018-09-07T12:24:28","slug":"prefeita-de-palmas-cintia-apoia-o-congresso-abala-regiao-sul-e-convida-toda-populacao-palmense-para-o-evento","status":"publish","type":"post","link":"https:\/\/dgospel.com.br\/portal\/index.php\/2018\/09\/07\/prefeita-de-palmas-cintia-apoia-o-congresso-abala-regiao-sul-e-convida-toda-populacao-palmense-para-o-evento\/","title":{"rendered":"Prefeita de palmas C\u00edntia apoia o congresso \u201cAbala Regi\u00e3o sul\u201d e convida toda popula\u00e7\u00e3o palmense para o evento"},"content":{"rendered":"<p><img loading=\"lazy\" class=\"alignnone size-medium wp-image-1264\" src=\"http:\/\/dgospel.com.br\/portal\/wp-content\/uploads\/2018\/09\/47772c68-f53c-4855-953e-339cfcdbec94-1-300x193.jpg\" alt=\"\" width=\"300\" height=\"193\" srcset=\"https:\/\/dgospel.com.br\/portal\/wp-content\/uploads\/2018\/09\/47772c68-f53c-4855-953e-339cfcdbec94-1-300x193.jpg 300w, https:\/\/dgospel.com.br\/portal\/wp-content\/uploads\/2018\/09\/47772c68-f53c-4855-953e-339cfcdbec94-1.jpg 691w\" sizes=\"(max-width: 300px) 100vw, 300px\" \/><\/p>\n<p>Entre os dias 14 e 18 de setembro, Palmas sediar\u00e1 o Congresso \u201cAbala Regi\u00e3o Sul\u201d, evento gospel liderado pelo pastor Presidente PR Jos\u00e9 Filho e pelo o diretor geral Pr. Saullo Teles. Al\u00e9m de apoiar essa miss\u00e3o evangelizadora, a Prefeita de Palmas C\u00edntia apoia Expressa a Grande import\u00e2ncia do congresso abala regi\u00e3o sul que \u00e9 hoje uma refer\u00eancia Nacional com mais de 10 milh\u00f5es de acesso na internet e muitas vidas alcan\u00e7adas atrav\u00e9s deste ve\u00edculo. A Prefeita tamb\u00e9m convida toda a popula\u00e7\u00e3o palmense para participar desse grande evento de louvor a Deus.<\/p>\n<p>&nbsp;<\/p>\n<p>\u201cA atua\u00e7\u00e3o da Igreja na vida das pessoas \u00e9 de grande import\u00e2ncia para toda sociedade. O Congresso \u00e9 uma oportunidade de investir no crescimento espiritual das pessoas e relembrar os princ\u00edpios de Deus em nossas vidas. Farei o poss\u00edvel para vivenciar essa experi\u00eancia de f\u00e9\u201d.<\/p>\n<p>&nbsp;<\/p>\n<p>O evento re\u00fane pastores de v\u00e1rios regi\u00e3o do Pa\u00eds, como pastor Paulo Marcelo (SP), pastor Napole\u00e3o Falc\u00e3o (PB), pastor Amadeu Vieira (RJ), pastor F\u00e1bio J\u00fanior (GO), pastor Carlos Maia (GO) e Reverendo Ad\u00e3o Santos (CE) e mais de 80 Cantores e pregadores.<\/p>\n<p><img loading=\"lazy\" class=\"alignnone size-medium wp-image-1263\" src=\"http:\/\/dgospel.com.br\/portal\/wp-content\/uploads\/2018\/09\/2f9fdc97-e466-4999-8db2-62460822230d-1-247x300.jpg\" alt=\"\" width=\"247\" height=\"300\" srcset=\"https:\/\/dgospel.com.br\/portal\/wp-content\/uploads\/2018\/09\/2f9fdc97-e466-4999-8db2-62460822230d-1-247x300.jpg 247w, https:\/\/dgospel.com.br\/portal\/wp-content\/uploads\/2018\/09\/2f9fdc97-e466-4999-8db2-62460822230d-1.jpg 720w\" sizes=\"(max-width: 247px) 100vw, 247px\" \/><\/p>\n<p>O Congresso acontece na Igreja Assembleia de Deus CIADSETA Taquaralto, regi\u00e3o sul de Palmas, no setor Morada do Sol 2. Mais informa\u00e7\u00f5es (63) 981031246<\/p>\n","protected":false},"excerpt":{"rendered":"<p>Entre os dias 14 e 18 de setembro, Palmas sediar\u00e1 o Congresso \u201cAbala Regi\u00e3o Sul\u201d, evento gospel liderado pelo pastor Presidente PR Jos\u00e9 Filho e pelo o diretor geral Pr. Saullo Teles. Al\u00e9m de apoiar essa miss\u00e3o evangelizadora, a Prefeita de Palmas C\u00edntia apoia Expressa a Grande import\u00e2ncia do congresso abala regi\u00e3o sul que \u00e9 [&hellip;]<\/p>\n","protected":false},"author":2,"featured_media":1262,"comment_status":"open","ping_status":"open","sticky":false,"template":"","format":"standard","meta":[],"categories":[2,5],"tags":[],"_links":{"self":[{"href":"https:\/\/dgospel.com.br\/portal\/index.php\/wp-json\/wp\/v2\/posts\/1260"}],"collection":[{"href":"https:\/\/dgospel.com.br\/portal\/index.php\/wp-json\/wp\/v2\/posts"}],"about":[{"href":"https:\/\/dgospel.com.br\/portal\/index.php\/wp-json\/wp\/v2\/types\/post"}],"author":[{"embeddable":true,"href":"https:\/\/dgospel.com.br\/portal\/index.php\/wp-json\/wp\/v2\/users\/2"}],"replies":[{"embeddable":true,"href":"https:\/\/dgospel.com.br\/portal\/index.php\/wp-json\/wp\/v2\/comments?post=1260"}],"version-history":[{"count":1,"href":"https:\/\/dgospel.com.br\/portal\/index.php\/wp-json\/wp\/v2\/posts\/1260\/revisions"}],"predecessor-version":[{"id":1265,"href":"https:\/\/dgospel.com.br\/portal\/index.php\/wp-json\/wp\/v2\/posts\/1260\/revisions\/1265"}],"wp:featuredmedia":[{"embeddable":true,"href":"https:\/\/dgospel.com.br\/portal\/index.php\/wp-json\/wp\/v2\/media\/1262"}],"wp:attachment":[{"href":"https:\/\/dgospel.com.br\/portal\/index.php\/wp-json\/wp\/v2\/media?parent=1260"}],"wp:term":[{"taxonomy":"category","embeddable":true,"href":"https:\/\/dgospel.com.br\/portal\/index.php\/wp-json\/wp\/v2\/categories?post=1260"},{"taxonomy":"post_tag","embeddable":true,"href":"https:\/\/dgospel.com.br\/portal\/index.php\/wp-json\/wp\/v2\/tags?post=1260"}],"curies":[{"name":"wp","href":"https:\/\/api.w.org\/{rel}","templated":true}]}}