{"id":12601,"date":"2022-09-26T16:06:24","date_gmt":"2022-09-26T19:06:24","guid":{"rendered":"http:\/\/dgospel.com.br\/portal\/?p=12601"},"modified":"2022-09-26T16:06:25","modified_gmt":"2022-09-26T19:06:25","slug":"stf-devolve-mandato-de-vereador-do-pt-que-invadiu-igreja","status":"publish","type":"post","link":"https:\/\/dgospel.com.br\/portal\/index.php\/2022\/09\/26\/stf-devolve-mandato-de-vereador-do-pt-que-invadiu-igreja\/","title":{"rendered":"STF devolve mandato de vereador do PT que invadiu igreja"},"content":{"rendered":"\n<p>O Supremo Tribunal Federal (STF) devolveu o mandato do vereador petista&nbsp;<strong><a href=\"https:\/\/guiame.com.br\/gospel\/noticias\/vereador-do-pt-que-invadiu-igreja-se-encontrara-com-o-papa-francisco.html\">Renato Freitas&nbsp;<\/a><\/strong>na noite de sexta-feira (23).<\/p>\n\n\n\n<p>Em junho, o parlamentar teve o&nbsp;<strong><a href=\"https:\/\/guiame.com.br\/gospel\/noticias\/cassacao-de-vereador-do-pt-que-invadiu-igreja-e-aprovada-no-1-turno.html\">mandato cassado pela C\u00e2mara Municipal de Curitiba<\/a><\/strong>&nbsp;(CMC) por &#8220;procedimento incompat\u00edvel com o decoro parlamentar&#8221;, ao liderar uma<strong><a href=\"https:\/\/guiame.com.br\/gospel\/missoes-acao-social\/manifestantes-da-esquerda-invadem-igreja-catolica-e-interrompem-missa-no-parana.html\">&nbsp;invas\u00e3o em uma igreja<\/a><\/strong>&nbsp;cat\u00f3lica.<\/p>\n\n\n\n<p>A a\u00e7\u00e3o, assinada pelo ministro Lu\u00eds Roberto Barroso, tamb\u00e9m anulou as decis\u00f5es do Tribunal de Justi\u00e7a do Paran\u00e1 que negaram pedidos de Freitas e que mantiveram a delibera\u00e7\u00e3o da C\u00e2mara Municipal para a&nbsp;<strong><a href=\"https:\/\/guiame.com.br\/gospel\/noticias\/apos-invadir-igreja-vereador-do-pt-vira-alvo-de-pedidos-de-cassacao.html\">cassa\u00e7\u00e3o<\/a><\/strong>&nbsp;de Renato.<\/p>\n\n\n\n<p>Para Barroso, a perda do mandato fere a liberdade de express\u00e3o do parlamentar.&nbsp;<\/p>\n\n\n\n<p>\u201cA cassa\u00e7\u00e3o do vereador em quest\u00e3o ultrapassa a discuss\u00e3o quanto aos limites \u00e9ticos de sua conduta, envolvendo debate sobre o grau de prote\u00e7\u00e3o conferido ao exerc\u00edcio do direito \u00e0 liberdade de express\u00e3o por parlamentar negro voltado justamente \u00e0 defesa da igualdade racial e da supera\u00e7\u00e3o da viol\u00eancia e da discrimina\u00e7\u00e3o que sistematicamente afligem a popula\u00e7\u00e3o negra no Brasil&#8221;, afirmou o ministro na decis\u00e3o.<\/p>\n\n\n\n<p>O ministro ainda declarou que Freitas liderou um protesto pac\u00edfico dentro de uma igreja cat\u00f3lica, em Curitiba, e associou a cassa\u00e7\u00e3o ao racismo estrutural.<\/p>\n\n\n\n<p>\u201cSem antecipar julgamentos, \u00e9 imposs\u00edvel, no entanto, dissociar o ato da C\u00e2mara de Vereadores de Curitiba do pano de fundo do racismo estrutural da sociedade brasileira&#8221;, afirmou.<\/p>\n\n\n\n<p>\u201cNa situa\u00e7\u00e3o aqui examinada, e talvez n\u00e3o por acaso, o protesto pac\u00edfico em favor de vidas negras, feito pelo vereador reclamante dentro de igreja, motivou a primeira cassa\u00e7\u00e3o de mandato na hist\u00f3ria da C\u00e2mara Municipal de Curitiba\u201d.<\/p>\n\n\n\n<p>A a\u00e7\u00e3o do STF acontece ap\u00f3s a defesa do petista protocolar um recurso no Supremo, na \u00faltima quarta-feira (21). A decis\u00e3o do ministro \u00e9 liminar (provis\u00f3ria) e o caso ainda ter\u00e1 o m\u00e9rito julgado.<\/p>\n\n\n\n<p><strong>Entenda o caso<\/strong><\/p>\n\n\n\n<p>No dia 5 de fevereiro, um grupo de manifestantes liderado por Renato Freitas invadiu e interrompeu a missa na Igreja Nossa Senhora do Ros\u00e1rio dos Pretos, durante protesto pelo congol\u00eas Mo\u00efse Kabagambe, assassinado no Rio de Janeiro.<\/p>\n\n\n\n<p>De acordo com o Padre Luiz Hass, de 74 anos, uma missa estava acontecendo quando os manifestantes invadiram a igreja. O sacerdote relatou que o grupo permaneceu por cerca de 20 minutos no templo, aos gritos.<\/p>\n\n\n\n<p>\u201cUma situa\u00e7\u00e3o insuport\u00e1vel, barulho muito grande, pedimos que baixassem o som l\u00e1 fora, sa\u00edssem da escadaria. Mas come\u00e7aram a dizer que era igreja dos negros. Suspendi a missa, porque n\u00e3o tinha como, n\u00e3o era hor\u00e1rio para fazer o protesto\u201d, afirmou.<\/p>\n\n\n\n<p>Ap\u00f3s a invas\u00e3o, que ganhou repercuss\u00e3o nacional, Freitas se tornou alvo de pedidos de cassa\u00e7\u00e3o do mandato na C\u00e2mara de Curitiba.<\/p>\n\n\n\n<p><strong>Caso levado \u00e0 Comiss\u00e3o Interamericana de Direitos Humanos<\/strong><\/p>\n\n\n\n<p>A Associa\u00e7\u00e3o Nacional de Juristas Evang\u00e9licos (ANAJURE) encaminhou o caso da invas\u00e3o \u00e0 Comiss\u00e3o Interamericana de Direitos Humanos (CIHM), que faz parte da Organiza\u00e7\u00e3o dos Estados Americanos (OEA).<\/p>\n\n\n\n<p>O documento pede que a Comiss\u00e3o investigue o incidente, com o objetivo de confirmar a viola\u00e7\u00e3o da liberdade religiosa, e que solicite ao governo brasileiro a ado\u00e7\u00e3o de medidas para a preserva\u00e7\u00e3o da liberdade religiosa no pa\u00eds.<\/p>\n\n\n\n<p>\u201cO ato conduzido pelo vereador e advogado Renato Freitas (PT) \u00e9 apenas o mais recente exemplo de invas\u00e3o a uma Igreja Crist\u00e3, provocada por forte carga ideol\u00f3gica. O crescimento desses casos de vilip\u00eandio tem feito os fi\u00e9is temerem que grupos se sintam legitimados ou autorizados para cometer crimes contra o sentimento religioso, pela falta de uma devida responsabiliza\u00e7\u00e3o\u201d, afirmou o Diretor Executivo da ANAJURE, Dr. Gabriel Dayan.<\/p>\n","protected":false},"excerpt":{"rendered":"<p>O Supremo Tribunal Federal (STF) devolveu o mandato do vereador petista&nbsp;Renato Freitas&nbsp;na noite de sexta-feira (23). Em junho, o parlamentar teve o&nbsp;mandato cassado pela C\u00e2mara Municipal de Curitiba&nbsp;(CMC) por &#8220;procedimento incompat\u00edvel com o decoro parlamentar&#8221;, ao liderar uma&nbsp;invas\u00e3o em uma igreja&nbsp;cat\u00f3lica. A a\u00e7\u00e3o, assinada pelo ministro Lu\u00eds Roberto Barroso, tamb\u00e9m anulou as decis\u00f5es do Tribunal [&hellip;]<\/p>\n","protected":false},"author":2,"featured_media":12602,"comment_status":"open","ping_status":"open","sticky":false,"template":"","format":"standard","meta":[],"categories":[8],"tags":[],"_links":{"self":[{"href":"https:\/\/dgospel.com.br\/portal\/index.php\/wp-json\/wp\/v2\/posts\/12601"}],"collection":[{"href":"https:\/\/dgospel.com.br\/portal\/index.php\/wp-json\/wp\/v2\/posts"}],"about":[{"href":"https:\/\/dgospel.com.br\/portal\/index.php\/wp-json\/wp\/v2\/types\/post"}],"author":[{"embeddable":true,"href":"https:\/\/dgospel.com.br\/portal\/index.php\/wp-json\/wp\/v2\/users\/2"}],"replies":[{"embeddable":true,"href":"https:\/\/dgospel.com.br\/portal\/index.php\/wp-json\/wp\/v2\/comments?post=12601"}],"version-history":[{"count":1,"href":"https:\/\/dgospel.com.br\/portal\/index.php\/wp-json\/wp\/v2\/posts\/12601\/revisions"}],"predecessor-version":[{"id":12603,"href":"https:\/\/dgospel.com.br\/portal\/index.php\/wp-json\/wp\/v2\/posts\/12601\/revisions\/12603"}],"wp:featuredmedia":[{"embeddable":true,"href":"https:\/\/dgospel.com.br\/portal\/index.php\/wp-json\/wp\/v2\/media\/12602"}],"wp:attachment":[{"href":"https:\/\/dgospel.com.br\/portal\/index.php\/wp-json\/wp\/v2\/media?parent=12601"}],"wp:term":[{"taxonomy":"category","embeddable":true,"href":"https:\/\/dgospel.com.br\/portal\/index.php\/wp-json\/wp\/v2\/categories?post=12601"},{"taxonomy":"post_tag","embeddable":true,"href":"https:\/\/dgospel.com.br\/portal\/index.php\/wp-json\/wp\/v2\/tags?post=12601"}],"curies":[{"name":"wp","href":"https:\/\/api.w.org\/{rel}","templated":true}]}}