{"id":12604,"date":"2022-09-26T16:12:16","date_gmt":"2022-09-26T19:12:16","guid":{"rendered":"http:\/\/dgospel.com.br\/portal\/?p=12604"},"modified":"2022-09-26T16:12:17","modified_gmt":"2022-09-26T19:12:17","slug":"fala-de-bolsonaro-sobre-liberdade-religiosa-na-onu-e-um-marco-historico","status":"publish","type":"post","link":"https:\/\/dgospel.com.br\/portal\/index.php\/2022\/09\/26\/fala-de-bolsonaro-sobre-liberdade-religiosa-na-onu-e-um-marco-historico\/","title":{"rendered":"Fala de Bolsonaro sobre liberdade religiosa na ONU \u00e9 um marco hist\u00f3rico"},"content":{"rendered":"\n<p>Um dos assuntos mais preocupantes para a comunidade crist\u00e3 em todo mundo diz respeito \u00e0 persegui\u00e7\u00e3o religiosa aos crist\u00e3os. Jair Bolsonaro na ONU deu um recado hist\u00f3rico na luta pela preserva\u00e7\u00e3o da liberdade de cren\u00e7a e de culto.<\/p>\n\n\n\n<p>Felizmente, temos um presidente da Rep\u00fablica que n\u00e3o s\u00f3 entende, como d\u00e1 a devida import\u00e2ncia ao tema. Para quem acompanha o cen\u00e1rio de miss\u00f5es mundiais crist\u00e3s, a liberdade religiosa \u00e9 algo que infelizmente n\u00e3o est\u00e1 presente em muitas na\u00e7\u00f5es, e se engana quem pensa que isso diz respeito apenas a regimes teocr\u00e1ticos, por exemplo, como os isl\u00e2micos do Ir\u00e3 e Turquia, entre outros.<\/p>\n\n\n\n<p>Atualmente, outra grande frente de persegui\u00e7\u00e3o aos crist\u00e3os \u00e9 a pol\u00edtico-ideol\u00f3gica. Isto \u00e9, a que acontece por motiva\u00e7\u00f5es pol\u00edticas e n\u00e3o necessariamente religiosas.<br>Aqui na Am\u00e9rica Latina, por exemplo, mais recentemente temos visto o agravamento dessa realidade na Nicar\u00e1gua, onde igrejas crist\u00e3s chegaram a ser declaradas \u201cinimigas\u201d do governo do ditador Daniel Ortega, aliado do ex-presidente brasileiro, Luiz In\u00e1cio Lula da Silva.<\/p>\n\n\n\n<p><strong>Bolsonaro na ONU<\/strong><\/p>\n\n\n\n<p>Pelo citado acima, posso dizer com seguran\u00e7a que a fala do presidente Jair Bolsonaro esta semana, na Organiza\u00e7\u00e3o das Na\u00e7\u00f5es Unidas, em Nova York (EUA), constitui um marco hist\u00f3rico para o mundo, pois ela se d\u00e1 em um momento onde a persegui\u00e7\u00e3o religiosa aos crist\u00e3os tem avan\u00e7ado no planeta.<\/p>\n\n\n\n<p>O presidente brasileiro foi enf\u00e1tico na defesa da liberdade religiosa, por isso fa\u00e7o quest\u00e3o de transcrever um trecho abaixo para quem ainda n\u00e3o teve a oportunidade de assistir o seu discurso:<\/p>\n\n\n\n<p>\u201cTenho sido um defensor incondicional da liberdade de express\u00e3o. Al\u00e9m disso, no meu governo, o Brasil tem trabalhado para trazer o direito \u00e0 liberdade de religi\u00e3o para o centro da agenda internacional de direitos humanos. \u00c9 essencial garantir que todos tenham o direito de professar e praticar livremente sua orienta\u00e7\u00e3o religiosa, sem discrimina\u00e7\u00e3o. Quero aqui anunciar que o Brasil abre suas portas para acolher os padres e freiras cat\u00f3licos que tem sofrido cruel persegui\u00e7\u00e3o do regime ditatorial da Nicar\u00e1gua. O Brasil repudia a persegui\u00e7\u00e3o religiosa em qualquer lugar do mundo\u201d.<\/p>\n","protected":false},"excerpt":{"rendered":"<p>Um dos assuntos mais preocupantes para a comunidade crist\u00e3 em todo mundo diz respeito \u00e0 persegui\u00e7\u00e3o religiosa aos crist\u00e3os. Jair Bolsonaro na ONU deu um recado hist\u00f3rico na luta pela preserva\u00e7\u00e3o da liberdade de cren\u00e7a e de culto. Felizmente, temos um presidente da Rep\u00fablica que n\u00e3o s\u00f3 entende, como d\u00e1 a devida import\u00e2ncia ao tema. [&hellip;]<\/p>\n","protected":false},"author":2,"featured_media":12605,"comment_status":"open","ping_status":"open","sticky":false,"template":"","format":"standard","meta":[],"categories":[5],"tags":[],"_links":{"self":[{"href":"https:\/\/dgospel.com.br\/portal\/index.php\/wp-json\/wp\/v2\/posts\/12604"}],"collection":[{"href":"https:\/\/dgospel.com.br\/portal\/index.php\/wp-json\/wp\/v2\/posts"}],"about":[{"href":"https:\/\/dgospel.com.br\/portal\/index.php\/wp-json\/wp\/v2\/types\/post"}],"author":[{"embeddable":true,"href":"https:\/\/dgospel.com.br\/portal\/index.php\/wp-json\/wp\/v2\/users\/2"}],"replies":[{"embeddable":true,"href":"https:\/\/dgospel.com.br\/portal\/index.php\/wp-json\/wp\/v2\/comments?post=12604"}],"version-history":[{"count":1,"href":"https:\/\/dgospel.com.br\/portal\/index.php\/wp-json\/wp\/v2\/posts\/12604\/revisions"}],"predecessor-version":[{"id":12606,"href":"https:\/\/dgospel.com.br\/portal\/index.php\/wp-json\/wp\/v2\/posts\/12604\/revisions\/12606"}],"wp:featuredmedia":[{"embeddable":true,"href":"https:\/\/dgospel.com.br\/portal\/index.php\/wp-json\/wp\/v2\/media\/12605"}],"wp:attachment":[{"href":"https:\/\/dgospel.com.br\/portal\/index.php\/wp-json\/wp\/v2\/media?parent=12604"}],"wp:term":[{"taxonomy":"category","embeddable":true,"href":"https:\/\/dgospel.com.br\/portal\/index.php\/wp-json\/wp\/v2\/categories?post=12604"},{"taxonomy":"post_tag","embeddable":true,"href":"https:\/\/dgospel.com.br\/portal\/index.php\/wp-json\/wp\/v2\/tags?post=12604"}],"curies":[{"name":"wp","href":"https:\/\/api.w.org\/{rel}","templated":true}]}}