{"id":12610,"date":"2022-09-27T13:05:12","date_gmt":"2022-09-27T16:05:12","guid":{"rendered":"http:\/\/dgospel.com.br\/portal\/?p=12610"},"modified":"2022-09-27T13:05:13","modified_gmt":"2022-09-27T16:05:13","slug":"rubens-uchoa-realiza-grande-reuniao-em-porto-nacional-e-reforca-compromisso-com-a-regiao","status":"publish","type":"post","link":"https:\/\/dgospel.com.br\/portal\/index.php\/2022\/09\/27\/rubens-uchoa-realiza-grande-reuniao-em-porto-nacional-e-reforca-compromisso-com-a-regiao\/","title":{"rendered":"Rubens Uchoa realiza grande reuni\u00e3o em Porto Nacional e refor\u00e7a compromisso com a regi\u00e3o \u00a0"},"content":{"rendered":"\n<p>O candidato deputado federal, vereador Rubens Uchoa (Uni\u00e3o Brasil), reuniu lideran\u00e7as, amigos e apoiadores em uma grande reuni\u00e3o, noite desta segunda-feira (26), em Porto Nacional, e afirmou o seu compromisso com a regi\u00e3o.<\/p>\n\n\n\n<p>Ao lado de lideran\u00e7as locais e representantes de pol\u00edticos parceiros, Uchoa foi recepcionado com muita alegria e anima\u00e7\u00e3o de apoiadores com direito a faixas e aplausos.<\/p>\n\n\n\n<p>&nbsp;Na oportunidade o candidato lembrou de sua inf\u00e2ncia na cidade. (Cheguei aqui com apenas 5 anos de idade, e posso afirmar que Porto Nacional foi importante para a forma\u00e7\u00e3o do meu car\u00e1ter, sempre terei muito carinho por este lugar\u201d, disse.<\/p>\n\n\n\n<p>Rubens Uchoa destacou tamb\u00e9m o seu brilhante trabalho como vereador de Palmas, como o parlamentar que teve mais Projeto de Lei aprovado em 2021.<\/p>\n\n\n\n<p>Uchoa destacou importantes Projetos de Leis de sua autoria. Como o PL que institui a Semana de Conscientiza\u00e7\u00e3o e Preven\u00e7\u00e3o ao Suic\u00eddio, que \u00e9 uma forma de valorizar a fam\u00edlia um dos principais pilares da sociedade, e o PL que institui o dia de combate ao feminic\u00eddio e a viol\u00eancia contra a mulher, sendo uma lei important\u00edssima para preven\u00e7\u00e3o e conscientiza\u00e7\u00e3o do respeito e do valor da mulher para a sociedade e contra todos os tipos de viola\u00e7\u00e3o dos direitos.&nbsp;<\/p>\n","protected":false},"excerpt":{"rendered":"<p>O candidato deputado federal, vereador Rubens Uchoa (Uni\u00e3o Brasil), reuniu lideran\u00e7as, amigos e apoiadores em uma grande reuni\u00e3o, noite desta segunda-feira (26), em Porto Nacional, e afirmou o seu compromisso com a regi\u00e3o. Ao lado de lideran\u00e7as locais e representantes de pol\u00edticos parceiros, Uchoa foi recepcionado com muita alegria e anima\u00e7\u00e3o de apoiadores com direito [&hellip;]<\/p>\n","protected":false},"author":2,"featured_media":12611,"comment_status":"open","ping_status":"open","sticky":false,"template":"","format":"standard","meta":[],"categories":[4],"tags":[13],"_links":{"self":[{"href":"https:\/\/dgospel.com.br\/portal\/index.php\/wp-json\/wp\/v2\/posts\/12610"}],"collection":[{"href":"https:\/\/dgospel.com.br\/portal\/index.php\/wp-json\/wp\/v2\/posts"}],"about":[{"href":"https:\/\/dgospel.com.br\/portal\/index.php\/wp-json\/wp\/v2\/types\/post"}],"author":[{"embeddable":true,"href":"https:\/\/dgospel.com.br\/portal\/index.php\/wp-json\/wp\/v2\/users\/2"}],"replies":[{"embeddable":true,"href":"https:\/\/dgospel.com.br\/portal\/index.php\/wp-json\/wp\/v2\/comments?post=12610"}],"version-history":[{"count":1,"href":"https:\/\/dgospel.com.br\/portal\/index.php\/wp-json\/wp\/v2\/posts\/12610\/revisions"}],"predecessor-version":[{"id":12612,"href":"https:\/\/dgospel.com.br\/portal\/index.php\/wp-json\/wp\/v2\/posts\/12610\/revisions\/12612"}],"wp:featuredmedia":[{"embeddable":true,"href":"https:\/\/dgospel.com.br\/portal\/index.php\/wp-json\/wp\/v2\/media\/12611"}],"wp:attachment":[{"href":"https:\/\/dgospel.com.br\/portal\/index.php\/wp-json\/wp\/v2\/media?parent=12610"}],"wp:term":[{"taxonomy":"category","embeddable":true,"href":"https:\/\/dgospel.com.br\/portal\/index.php\/wp-json\/wp\/v2\/categories?post=12610"},{"taxonomy":"post_tag","embeddable":true,"href":"https:\/\/dgospel.com.br\/portal\/index.php\/wp-json\/wp\/v2\/tags?post=12610"}],"curies":[{"name":"wp","href":"https:\/\/api.w.org\/{rel}","templated":true}]}}