{"id":12616,"date":"2022-09-28T07:56:10","date_gmt":"2022-09-28T10:56:10","guid":{"rendered":"http:\/\/dgospel.com.br\/portal\/?p=12616"},"modified":"2022-09-28T07:56:11","modified_gmt":"2022-09-28T10:56:11","slug":"lula-ataca-a-direita-pensamos-que-tinha-ficado-civilizada","status":"publish","type":"post","link":"https:\/\/dgospel.com.br\/portal\/index.php\/2022\/09\/28\/lula-ataca-a-direita-pensamos-que-tinha-ficado-civilizada\/","title":{"rendered":"Lula ataca a direita: \u201cPensamos que tinha ficado civilizada\u201d"},"content":{"rendered":"\n<p>Em evento com apoiadores nesta ter\u00e7a-feira (27), o ex-presidente Luiz In\u00e1cio Lula da Silva disparou ataques contra a direita brasileira e falou sobre o aumento de casos de viol\u00eancia pol\u00edtica. Para o petista, essa situa\u00e7\u00e3o \u00e9 culpa do \u201cbolsonarismo\u201d.<\/p>\n\n\n\n<p>O candidato do PT \u00e0 Presid\u00eancia ainda afirmou que a esquerda achava \u201cque a direita tinha ficado civilizada\u201d.<\/p>\n\n\n\n<p>\u2013 J\u00e1 mataram tr\u00eas ou quatro porque o bolsonarismo representa parte daquilo que a gente pensava que n\u00e3o existia. Porque a gente tinha pensado que a direita tinha ficado civilizada. Aqui em S\u00e3o Paulo faziam campanha todo ano contra o Maluf e a gente xingava, mas n\u00e3o tinha experi\u00eancia de viol\u00eancia. A viol\u00eancia era verbal \u2013 apontou.<\/p>\n\n\n\n<p>Lula tamb\u00e9m culpou o presidente Jair Bolsonaro (PL), candidato \u00e0 reelei\u00e7\u00e3o, pelo aumento da viol\u00eancia.<\/p>\n\n\n\n<p>\u2013 N\u00f3s temos um presidente que n\u00e3o distribui um livro did\u00e1tico para o ensino m\u00e9dio, mas est\u00e1 vendendo armas. E t\u00e1 liberando a venda de armas. E a venda de armas liberada n\u00e3o vai para pessoas boas, porque quem est\u00e1 comprando armas \u00e9 o narcotr\u00e1fico, \u00e9 o crime organizado \u2013 ressaltou.<\/p>\n","protected":false},"excerpt":{"rendered":"<p>Em evento com apoiadores nesta ter\u00e7a-feira (27), o ex-presidente Luiz In\u00e1cio Lula da Silva disparou ataques contra a direita brasileira e falou sobre o aumento de casos de viol\u00eancia pol\u00edtica. Para o petista, essa situa\u00e7\u00e3o \u00e9 culpa do \u201cbolsonarismo\u201d. O candidato do PT \u00e0 Presid\u00eancia ainda afirmou que a esquerda achava \u201cque a direita tinha [&hellip;]<\/p>\n","protected":false},"author":2,"featured_media":12617,"comment_status":"open","ping_status":"open","sticky":false,"template":"","format":"standard","meta":[],"categories":[4],"tags":[],"_links":{"self":[{"href":"https:\/\/dgospel.com.br\/portal\/index.php\/wp-json\/wp\/v2\/posts\/12616"}],"collection":[{"href":"https:\/\/dgospel.com.br\/portal\/index.php\/wp-json\/wp\/v2\/posts"}],"about":[{"href":"https:\/\/dgospel.com.br\/portal\/index.php\/wp-json\/wp\/v2\/types\/post"}],"author":[{"embeddable":true,"href":"https:\/\/dgospel.com.br\/portal\/index.php\/wp-json\/wp\/v2\/users\/2"}],"replies":[{"embeddable":true,"href":"https:\/\/dgospel.com.br\/portal\/index.php\/wp-json\/wp\/v2\/comments?post=12616"}],"version-history":[{"count":1,"href":"https:\/\/dgospel.com.br\/portal\/index.php\/wp-json\/wp\/v2\/posts\/12616\/revisions"}],"predecessor-version":[{"id":12618,"href":"https:\/\/dgospel.com.br\/portal\/index.php\/wp-json\/wp\/v2\/posts\/12616\/revisions\/12618"}],"wp:featuredmedia":[{"embeddable":true,"href":"https:\/\/dgospel.com.br\/portal\/index.php\/wp-json\/wp\/v2\/media\/12617"}],"wp:attachment":[{"href":"https:\/\/dgospel.com.br\/portal\/index.php\/wp-json\/wp\/v2\/media?parent=12616"}],"wp:term":[{"taxonomy":"category","embeddable":true,"href":"https:\/\/dgospel.com.br\/portal\/index.php\/wp-json\/wp\/v2\/categories?post=12616"},{"taxonomy":"post_tag","embeddable":true,"href":"https:\/\/dgospel.com.br\/portal\/index.php\/wp-json\/wp\/v2\/tags?post=12616"}],"curies":[{"name":"wp","href":"https:\/\/api.w.org\/{rel}","templated":true}]}}