{"id":12619,"date":"2022-09-28T08:03:07","date_gmt":"2022-09-28T11:03:07","guid":{"rendered":"http:\/\/dgospel.com.br\/portal\/?p=12619"},"modified":"2022-09-28T08:03:07","modified_gmt":"2022-09-28T11:03:07","slug":"saude-de-palmas-informa-sexto-caso-de-monkeypox-na-capital","status":"publish","type":"post","link":"https:\/\/dgospel.com.br\/portal\/index.php\/2022\/09\/28\/saude-de-palmas-informa-sexto-caso-de-monkeypox-na-capital\/","title":{"rendered":"Sa\u00fade de Palmas informa sexto caso de Monkeypox na Capital\u00a0"},"content":{"rendered":"\n<p>O Centro de Informa\u00e7\u00f5es Estrat\u00e9gicas em Vigil\u00e2ncia em Sa\u00fade (Cievs) da Secretaria Municipal da Sa\u00fade (Semus) informa o sexto caso de Monkeypox, conhecida como var\u00edola dos macacos, diagnosticado na Capital nesta segunda-feira, 26. O paciente \u00e9 um homem de 31 anos que convive com o HIV. Ele est\u00e1 sendo monitorado pelo Cievs e est\u00e1 com sintomas leves.<\/p>\n\n\n\n<p>Os outros cinco casos confirmados desde dia 1\u00ba de agosto, data do registro da primeira notifica\u00e7\u00e3o suspeita, tratam-se de dois homens de 18 e 26 anos, uma crian\u00e7a do sexo feminino de 02 anos, uma adolescente, de 12 anos e um homem de 28 anos, o qual n\u00e3o \u00e9 morador de Palmas, por\u00e9m foi diagnosticado, notificado e monitorado na Capital, constando na base de dados do munic\u00edpio. Todos foram monitorados pelo Cievs e j\u00e1 receberam alta do isolamento.<\/p>\n\n\n\n<p>Conforme as informa\u00e7\u00f5es atualizadas do Cievs, o munic\u00edpio soma, at\u00e9 o momento, 68 casos suspeitos da doen\u00e7a, sendo que 35 foram descartados. S\u00e3o 42 pessoas do sexo feminino e 26 do sexo masculino.<\/p>\n\n\n\n<p>A Semus refor\u00e7a que, al\u00e9m do monitoramento dos pacientes suspeitos e confirmados para a doen\u00e7a, realiza o acompanhamento dos contatos de cada caso. As manifesta\u00e7\u00f5es mais frequentes t\u00eam sido les\u00f5es na pele, febre, dor de cabe\u00e7a, perda de apetite e outros sintomas que ainda configuram quadro leve da doen\u00e7a.<\/p>\n\n\n\n<p>A Semus recomenda que a principal medida para evitar a contamina\u00e7\u00e3o \u00e9 a preven\u00e7\u00e3o, limpeza constante das m\u00e3os, uso de \u00e1lcool gel, m\u00e1scaras para a popula\u00e7\u00e3o imunossuprimida e mais vulner\u00e1vel \u00e0 doen\u00e7a como gestantes, crian\u00e7as e pessoas com comorbidade.<\/p>\n\n\n\n<p>A Vigil\u00e2ncia em Sa\u00fade da Semus alerta que, ao menor dos sinais, o usu\u00e1rio deve procurar a sua Unidade de Sa\u00fade da Fam\u00edlia (USF) de refer\u00eancia ou umas das Unidades de Pronto Atendimento (UPAs).<\/p>\n","protected":false},"excerpt":{"rendered":"<p>O Centro de Informa\u00e7\u00f5es Estrat\u00e9gicas em Vigil\u00e2ncia em Sa\u00fade (Cievs) da Secretaria Municipal da Sa\u00fade (Semus) informa o sexto caso de Monkeypox, conhecida como var\u00edola dos macacos, diagnosticado na Capital nesta segunda-feira, 26. O paciente \u00e9 um homem de 31 anos que convive com o HIV. Ele est\u00e1 sendo monitorado pelo Cievs e est\u00e1 com [&hellip;]<\/p>\n","protected":false},"author":2,"featured_media":12620,"comment_status":"open","ping_status":"open","sticky":false,"template":"","format":"standard","meta":[],"categories":[3],"tags":[13],"_links":{"self":[{"href":"https:\/\/dgospel.com.br\/portal\/index.php\/wp-json\/wp\/v2\/posts\/12619"}],"collection":[{"href":"https:\/\/dgospel.com.br\/portal\/index.php\/wp-json\/wp\/v2\/posts"}],"about":[{"href":"https:\/\/dgospel.com.br\/portal\/index.php\/wp-json\/wp\/v2\/types\/post"}],"author":[{"embeddable":true,"href":"https:\/\/dgospel.com.br\/portal\/index.php\/wp-json\/wp\/v2\/users\/2"}],"replies":[{"embeddable":true,"href":"https:\/\/dgospel.com.br\/portal\/index.php\/wp-json\/wp\/v2\/comments?post=12619"}],"version-history":[{"count":1,"href":"https:\/\/dgospel.com.br\/portal\/index.php\/wp-json\/wp\/v2\/posts\/12619\/revisions"}],"predecessor-version":[{"id":12621,"href":"https:\/\/dgospel.com.br\/portal\/index.php\/wp-json\/wp\/v2\/posts\/12619\/revisions\/12621"}],"wp:featuredmedia":[{"embeddable":true,"href":"https:\/\/dgospel.com.br\/portal\/index.php\/wp-json\/wp\/v2\/media\/12620"}],"wp:attachment":[{"href":"https:\/\/dgospel.com.br\/portal\/index.php\/wp-json\/wp\/v2\/media?parent=12619"}],"wp:term":[{"taxonomy":"category","embeddable":true,"href":"https:\/\/dgospel.com.br\/portal\/index.php\/wp-json\/wp\/v2\/categories?post=12619"},{"taxonomy":"post_tag","embeddable":true,"href":"https:\/\/dgospel.com.br\/portal\/index.php\/wp-json\/wp\/v2\/tags?post=12619"}],"curies":[{"name":"wp","href":"https:\/\/api.w.org\/{rel}","templated":true}]}}