{"id":12625,"date":"2022-09-28T10:20:03","date_gmt":"2022-09-28T13:20:03","guid":{"rendered":"http:\/\/dgospel.com.br\/portal\/?p=12625"},"modified":"2022-09-28T10:20:06","modified_gmt":"2022-09-28T13:20:06","slug":"gilmar-suspende-cobranca-de-r-18-milhoes-em-impostos-de-lula","status":"publish","type":"post","link":"https:\/\/dgospel.com.br\/portal\/index.php\/2022\/09\/28\/gilmar-suspende-cobranca-de-r-18-milhoes-em-impostos-de-lula\/","title":{"rendered":"Gilmar suspende cobran\u00e7a de R$ 18 milh\u00f5es em impostos de Lula"},"content":{"rendered":"\n<p>O ministro Gilmar Mendes, do Supremo Tribunal Federal (<a href=\"http:\/\/pleno.news\/tag\/stf\" target=\"_blank\" rel=\"noreferrer noopener\">STF<\/a>), atendeu a um pedido apresentado pela defesa do ex-presidente Lula (<a href=\"http:\/\/pleno.news\/tag\/pt\" target=\"_blank\" rel=\"noreferrer noopener\">PT<\/a>) e suspendeu uma a\u00e7\u00e3o que tramita na Justi\u00e7a Federal de S\u00e3o Paulo a respeito da cobran\u00e7a de impostos de cerca de R$ 18 milh\u00f5es do petista e do Instituto Lula. A decis\u00e3o foi tomada no fim da noite desta ter\u00e7a-feira (27).<\/p>\n\n\n\n<p>O processo est\u00e1 relacionado a uma apura\u00e7\u00e3o realizada na 24\u00aa fase da Opera\u00e7\u00e3o Lava Jato, ocorrida em mar\u00e7o de 2016, que realizou buscas e apreendeu documentos do Instituto Lula. A Justi\u00e7a Federal em Curitiba chegou a compartilhar provas da Lava Jato com a Secretaria da Receita Federal, o que subsidiou a instaura\u00e7\u00e3o de procedimentos fiscais contra o ex-presidente.<\/p>\n\n\n\n<p>A Procuradoria-Geral da Fazenda Nacional (PGFN) apontou que existiria uma confus\u00e3o patrimonial entre o instituto e o pr\u00f3prio Lula, com o uso da estrutura do Instituto Lula, funcion\u00e1rio e diretores para fins diversos daqueles previstos em seu estatuto social. O Tribunal Regional Federal da 3\u00aa Regi\u00e3o rejeitou um recurso de Lula e acolheu os argumentos da PGFN.<\/p>\n\n\n\n<p>A defesa do petista, no entanto, acionou o STF e afirmou que as provas utilizadas seriam il\u00edcitas pelo fato de que o Supremo teria reconhecido a incompet\u00eancia da Justi\u00e7a Federal do Paran\u00e1 para avaliar os casos e a suspei\u00e7\u00e3o do ex-juiz Sergio Moro, anulando as senten\u00e7as.<\/p>\n\n\n\n<p>J\u00e1 o ministro Gilmar Mendes, nesta ter\u00e7a, afirmou que existem ind\u00edcios de irregularidade na atua\u00e7\u00e3o da PGFN e do procurador da Fazenda Daniel Wagner Gamboa. Para o ministro, Gamboa teria embasado seus argumentos em prova il\u00edcita ao afirmar que o STF n\u00e3o teria inocentado o ex-presidente, mesmo com o Supremo tendo anulado a senten\u00e7a proferida por Moro.<\/p>\n\n\n\n<p>\u2013 Tal manifesta\u00e7\u00e3o do procurador da Fazenda Nacional, encampada parcialmente pelo ato reclamado, ostenta n\u00edtidos contornos teratol\u00f3gicos e certa colora\u00e7\u00e3o ideol\u00f3gica. Quanto n\u00e3o demonstra, antes, alguma fragilidade intelectual, por desconsiderar algo que \u00e9 de conhecimento de qualquer estudante do terceiro semestre do curso de Direito: ante a aus\u00eancia de senten\u00e7a condenat\u00f3ria penal qualquer cidad\u00e3o conserva, sim, o estado de inoc\u00eancia \u2013 declarou.<\/p>\n\n\n\n<p>Mendes tamb\u00e9m declarou que a \u201cpostura do \u00f3rg\u00e3o fazend\u00e1rio \u00e9 digna de nota, exigindo imediata interven\u00e7\u00e3o do Poder Judici\u00e1rio com vistas n\u00e3o apenas \u00e0 preserva\u00e7\u00e3o da autoridade das decis\u00f5es do Supremo Tribunal Federal, como tamb\u00e9m \u00e0 reafirma\u00e7\u00e3o de direitos e garantias que comp\u00f5em a espinha dorsal do Estado Democr\u00e1tico de Direito\u201d.<\/p>\n","protected":false},"excerpt":{"rendered":"<p>O ministro Gilmar Mendes, do Supremo Tribunal Federal (STF), atendeu a um pedido apresentado pela defesa do ex-presidente Lula (PT) e suspendeu uma a\u00e7\u00e3o que tramita na Justi\u00e7a Federal de S\u00e3o Paulo a respeito da cobran\u00e7a de impostos de cerca de R$ 18 milh\u00f5es do petista e do Instituto Lula. A decis\u00e3o foi tomada no [&hellip;]<\/p>\n","protected":false},"author":2,"featured_media":12626,"comment_status":"open","ping_status":"open","sticky":false,"template":"","format":"standard","meta":[],"categories":[10],"tags":[],"_links":{"self":[{"href":"https:\/\/dgospel.com.br\/portal\/index.php\/wp-json\/wp\/v2\/posts\/12625"}],"collection":[{"href":"https:\/\/dgospel.com.br\/portal\/index.php\/wp-json\/wp\/v2\/posts"}],"about":[{"href":"https:\/\/dgospel.com.br\/portal\/index.php\/wp-json\/wp\/v2\/types\/post"}],"author":[{"embeddable":true,"href":"https:\/\/dgospel.com.br\/portal\/index.php\/wp-json\/wp\/v2\/users\/2"}],"replies":[{"embeddable":true,"href":"https:\/\/dgospel.com.br\/portal\/index.php\/wp-json\/wp\/v2\/comments?post=12625"}],"version-history":[{"count":1,"href":"https:\/\/dgospel.com.br\/portal\/index.php\/wp-json\/wp\/v2\/posts\/12625\/revisions"}],"predecessor-version":[{"id":12627,"href":"https:\/\/dgospel.com.br\/portal\/index.php\/wp-json\/wp\/v2\/posts\/12625\/revisions\/12627"}],"wp:featuredmedia":[{"embeddable":true,"href":"https:\/\/dgospel.com.br\/portal\/index.php\/wp-json\/wp\/v2\/media\/12626"}],"wp:attachment":[{"href":"https:\/\/dgospel.com.br\/portal\/index.php\/wp-json\/wp\/v2\/media?parent=12625"}],"wp:term":[{"taxonomy":"category","embeddable":true,"href":"https:\/\/dgospel.com.br\/portal\/index.php\/wp-json\/wp\/v2\/categories?post=12625"},{"taxonomy":"post_tag","embeddable":true,"href":"https:\/\/dgospel.com.br\/portal\/index.php\/wp-json\/wp\/v2\/tags?post=12625"}],"curies":[{"name":"wp","href":"https:\/\/api.w.org\/{rel}","templated":true}]}}