{"id":12628,"date":"2022-09-28T11:35:32","date_gmt":"2022-09-28T14:35:32","guid":{"rendered":"http:\/\/dgospel.com.br\/portal\/?p=12628"},"modified":"2022-09-28T11:35:33","modified_gmt":"2022-09-28T14:35:33","slug":"projeto-de-lei-de-autoria-de-rubens-uchoa-propoe-criacao-do-dia-em-homenagem-aos-profissionais-da-saude","status":"publish","type":"post","link":"https:\/\/dgospel.com.br\/portal\/index.php\/2022\/09\/28\/projeto-de-lei-de-autoria-de-rubens-uchoa-propoe-criacao-do-dia-em-homenagem-aos-profissionais-da-saude\/","title":{"rendered":"Projeto de Lei de autoria de Rubens Uch\u00f4a prop\u00f5e cria\u00e7\u00e3o do dia em homenagem aos profissionais da sa\u00fade"},"content":{"rendered":"\n<p>O vereador Rubens Uch\u00f4a (Uni\u00e3o Brasil) &nbsp;apresentou um projeto de lei na C\u00e2mara Municipal para criar &nbsp;o Dia Municipal em homenagem e gratid\u00e3o aos profissionais da sa\u00fade que atuaram na linha de frente contra a covid-19.<\/p>\n\n\n\n<p>\u201cCom uma lei contendo esse merecido reconhecimento, evitaremos que a luta desses profissionais durante o per\u00edodo at\u00edpico e desafiador da pandemia seja esquecida com o passar do tempo, conscientizando os profissionais da sa\u00fade e a sociedade acerca da fun\u00e7\u00e3o social desses profissionais e alertando a sociedade a respeito da necessidade de pensar coletivamente e agir em prol do bem comum\u201d, afirma.<\/p>\n\n\n\n<p>Segundo o parlamentar o dia ser\u00e1 celebrado, anualmente, no dia 07 de abril, data em que se comemora o Dia Mundial da Sa\u00fade, criado pela Organiza\u00e7\u00e3o Mundial da Sa\u00fade \u2013 OMS.<\/p>\n\n\n\n<p>\u201cTais profissionais agiram com destreza e bravura, arriscando a pr\u00f3pria sa\u00fade para cuidar das pessoas acometidas pela referida doen\u00e7a infectocontagiosa durante a pandemia\u201d, lembra Rubens Uch\u00f4a.<\/p>\n\n\n\n<p>Fonte: primeirapagina <\/p>\n","protected":false},"excerpt":{"rendered":"<p>O vereador Rubens Uch\u00f4a (Uni\u00e3o Brasil) &nbsp;apresentou um projeto de lei na C\u00e2mara Municipal para criar &nbsp;o Dia Municipal em homenagem e gratid\u00e3o aos profissionais da sa\u00fade que atuaram na linha de frente contra a covid-19. \u201cCom uma lei contendo esse merecido reconhecimento, evitaremos que a luta desses profissionais durante o per\u00edodo at\u00edpico e desafiador [&hellip;]<\/p>\n","protected":false},"author":2,"featured_media":12629,"comment_status":"open","ping_status":"open","sticky":false,"template":"","format":"standard","meta":[],"categories":[8],"tags":[],"_links":{"self":[{"href":"https:\/\/dgospel.com.br\/portal\/index.php\/wp-json\/wp\/v2\/posts\/12628"}],"collection":[{"href":"https:\/\/dgospel.com.br\/portal\/index.php\/wp-json\/wp\/v2\/posts"}],"about":[{"href":"https:\/\/dgospel.com.br\/portal\/index.php\/wp-json\/wp\/v2\/types\/post"}],"author":[{"embeddable":true,"href":"https:\/\/dgospel.com.br\/portal\/index.php\/wp-json\/wp\/v2\/users\/2"}],"replies":[{"embeddable":true,"href":"https:\/\/dgospel.com.br\/portal\/index.php\/wp-json\/wp\/v2\/comments?post=12628"}],"version-history":[{"count":1,"href":"https:\/\/dgospel.com.br\/portal\/index.php\/wp-json\/wp\/v2\/posts\/12628\/revisions"}],"predecessor-version":[{"id":12630,"href":"https:\/\/dgospel.com.br\/portal\/index.php\/wp-json\/wp\/v2\/posts\/12628\/revisions\/12630"}],"wp:featuredmedia":[{"embeddable":true,"href":"https:\/\/dgospel.com.br\/portal\/index.php\/wp-json\/wp\/v2\/media\/12629"}],"wp:attachment":[{"href":"https:\/\/dgospel.com.br\/portal\/index.php\/wp-json\/wp\/v2\/media?parent=12628"}],"wp:term":[{"taxonomy":"category","embeddable":true,"href":"https:\/\/dgospel.com.br\/portal\/index.php\/wp-json\/wp\/v2\/categories?post=12628"},{"taxonomy":"post_tag","embeddable":true,"href":"https:\/\/dgospel.com.br\/portal\/index.php\/wp-json\/wp\/v2\/tags?post=12628"}],"curies":[{"name":"wp","href":"https:\/\/api.w.org\/{rel}","templated":true}]}}