{"id":12637,"date":"2022-09-28T23:01:02","date_gmt":"2022-09-29T02:01:02","guid":{"rendered":"http:\/\/dgospel.com.br\/portal\/?p=12637"},"modified":"2022-09-28T23:01:04","modified_gmt":"2022-09-29T02:01:04","slug":"visando-vaga-na-al-to-gipao-ganha-importante-apoio-de-lider-e-empresaria-de-araguaina","status":"publish","type":"post","link":"https:\/\/dgospel.com.br\/portal\/index.php\/2022\/09\/28\/visando-vaga-na-al-to-gipao-ganha-importante-apoio-de-lider-e-empresaria-de-araguaina\/","title":{"rendered":"Visando vaga na AL-TO Gip\u00e3o ganha importante apoio de l\u00edder e empres\u00e1ria de Aragua\u00edna"},"content":{"rendered":"\n<p>A campanha de Aldair Costa Sousa (Gip\u00e3o) ganhou mais um refor\u00e7o de peso nesta reta final. A diretora de Pol\u00edticas P\u00fablicas de Empregabilidade e Inclus\u00e3o Produtiva&nbsp; da Secretaria da Assist\u00eancia Social, Trabalho e Habita\u00e7\u00e3o do munic\u00edpio de Aragua\u00edna, Juliane Carneiro, declarou apoio ao candidato a deputado estadual.<\/p>\n\n\n\n<p>Juliane \u00e9 formada em administra\u00e7\u00e3o, geografia e direito; p\u00f3s-graduada em geografia e meio ambiente e possui doutorado em ci\u00eancias jur\u00eddicas e sociais. Al\u00e9m dessas atribui\u00e7\u00f5es, Juliane \u00e9 empres\u00e1ria e vem atuando h\u00e1 v\u00e1rios anos em Aragua\u00edna no ramo dos transportes.<\/p>\n\n\n\n<p>A empres\u00e1ria enxerga em Gip\u00e3o um aut\u00eantico defensor da liberdade, dos bons costumes e princ\u00edpios crist\u00e3os e acredita que ele far\u00e1 um excelente trabalho, representando a classe empresarial em suas respectivas demandas.<\/p>\n\n\n\n<p>\u201cEm primeiro lugar, o que me fez apoiar o Gip\u00e3o \u00e9 o fato de saber que como evang\u00e9lico, ele vai defender a fam\u00edlia&nbsp; que \u00e9 algo que tem sido atacado pela esquerda. Ele vai defender Deus, a nossa p\u00e1tria e isso hoje tem que ser elevado na nossa sociedade. Ele vai defender a nossa liberdade de express\u00e3o. No \u00e2mbito empresarial eu acredito que ele possa contribuir com a solu\u00e7\u00e3o de grandes gargalos que hoje n\u00f3s temos no estado do Tocantins a exemplos de obras que se come\u00e7am e n\u00e3o terminam. Se um deputado entra com um olhar do que ele pode fazer de diferente na vida do empres\u00e1rio. O empres\u00e1rio ele precisa de log\u00edstica, ele precisa da malha rodovi\u00e1ria, ele precisa de agilidade, de redu\u00e7\u00e3o de impostos e desburocratiza\u00e7\u00e3o, esse \u00e9 um ponto que tem que ser batido\u201d, argumentou ela.<br>Ra\u00edzes<br>Juliane Carneiro \u00e9 filha do saudoso Eurico da Costa Carneiro, que ficou conhecido como Carneiro do Guincho, por causa do servi\u00e7o ofertado atrav\u00e9s de sua empresa especializada em servi\u00e7os de auto socorro e guincho, durante 30 anos. Ele por dois mandatos ocupou uma cadeira no legislativo de Aragua\u00edna. O ex-vereador veio a falecer no dia 4 de mar\u00e7o de 2012, deixando \u00e0 fam\u00edlia um legado de coragem, determina\u00e7\u00e3o e comprometimento com o social.<\/p>\n","protected":false},"excerpt":{"rendered":"<p>A campanha de Aldair Costa Sousa (Gip\u00e3o) ganhou mais um refor\u00e7o de peso nesta reta final. A diretora de Pol\u00edticas P\u00fablicas de Empregabilidade e Inclus\u00e3o Produtiva&nbsp; da Secretaria da Assist\u00eancia Social, Trabalho e Habita\u00e7\u00e3o do munic\u00edpio de Aragua\u00edna, Juliane Carneiro, declarou apoio ao candidato a deputado estadual. Juliane \u00e9 formada em administra\u00e7\u00e3o, geografia e direito; [&hellip;]<\/p>\n","protected":false},"author":2,"featured_media":12638,"comment_status":"open","ping_status":"open","sticky":false,"template":"","format":"standard","meta":[],"categories":[4],"tags":[],"_links":{"self":[{"href":"https:\/\/dgospel.com.br\/portal\/index.php\/wp-json\/wp\/v2\/posts\/12637"}],"collection":[{"href":"https:\/\/dgospel.com.br\/portal\/index.php\/wp-json\/wp\/v2\/posts"}],"about":[{"href":"https:\/\/dgospel.com.br\/portal\/index.php\/wp-json\/wp\/v2\/types\/post"}],"author":[{"embeddable":true,"href":"https:\/\/dgospel.com.br\/portal\/index.php\/wp-json\/wp\/v2\/users\/2"}],"replies":[{"embeddable":true,"href":"https:\/\/dgospel.com.br\/portal\/index.php\/wp-json\/wp\/v2\/comments?post=12637"}],"version-history":[{"count":1,"href":"https:\/\/dgospel.com.br\/portal\/index.php\/wp-json\/wp\/v2\/posts\/12637\/revisions"}],"predecessor-version":[{"id":12639,"href":"https:\/\/dgospel.com.br\/portal\/index.php\/wp-json\/wp\/v2\/posts\/12637\/revisions\/12639"}],"wp:featuredmedia":[{"embeddable":true,"href":"https:\/\/dgospel.com.br\/portal\/index.php\/wp-json\/wp\/v2\/media\/12638"}],"wp:attachment":[{"href":"https:\/\/dgospel.com.br\/portal\/index.php\/wp-json\/wp\/v2\/media?parent=12637"}],"wp:term":[{"taxonomy":"category","embeddable":true,"href":"https:\/\/dgospel.com.br\/portal\/index.php\/wp-json\/wp\/v2\/categories?post=12637"},{"taxonomy":"post_tag","embeddable":true,"href":"https:\/\/dgospel.com.br\/portal\/index.php\/wp-json\/wp\/v2\/tags?post=12637"}],"curies":[{"name":"wp","href":"https:\/\/api.w.org\/{rel}","templated":true}]}}