{"id":12640,"date":"2022-09-28T23:08:11","date_gmt":"2022-09-29T02:08:11","guid":{"rendered":"http:\/\/dgospel.com.br\/portal\/?p=12640"},"modified":"2022-09-28T23:08:12","modified_gmt":"2022-09-29T02:08:12","slug":"video-de-moraes-fazendo-gesto-de-degola-gera-polemica","status":"publish","type":"post","link":"https:\/\/dgospel.com.br\/portal\/index.php\/2022\/09\/28\/video-de-moraes-fazendo-gesto-de-degola-gera-polemica\/","title":{"rendered":"V\u00eddeo de Moraes fazendo gesto de degola gera pol\u00eamica"},"content":{"rendered":"\n<p>Um gesto feito pelo ministro Alexandre de Moraes durante sess\u00e3o nesta ter\u00e7a-feira (27) virou alvo de cr\u00edticas nas redes sociais e levou o nome do magistrado aos assuntos mais comentados do Twitter nesta quarta (28).<\/p>\n\n\n\n<p>Na ocasi\u00e3o, a Corte avaliava se o presidente Jair Bolsonaro (PL) poderia ou n\u00e3o seguir fazendo suas tradicionais lives no Pal\u00e1cio da Alvorada durante o per\u00edodo de campanha. Ap\u00f3s a ministra Maria Cl\u00e1udia Bucchianeri votar contra a proibi\u00e7\u00e3o das transmiss\u00f5es no local, o magistrado fez um gesto de degolar, passando a m\u00e3o diante do pesco\u00e7o.<\/p>\n\n\n\n<p>O sinal n\u00e3o passou despercebido, e apoiadores do presidente viram o gesto como poss\u00edveis falta de parcialidade, \u201camea\u00e7a\u201d ou \u201ctentativa de intimida\u00e7\u00e3o\u201d.<\/p>\n\n\n\n<p>\u2013 Ser\u00e1 que a gola da camisa do Moraes estava apertada? Estranho que esse gesto foi feito logo ap\u00f3s a vota\u00e7\u00e3o de um ministro em favor do presidente Jair Bolsonaro. Ser\u00e1 uma tentativa de intimida\u00e7\u00e3o? Ser\u00e1 uma amea\u00e7a? \u2013 questionou um internauta.<\/p>\n\n\n\n<p>\u2013 De quem o ministro Alexandre de Moraes gostaria de cortar o pesco\u00e7o? Ele fez o sinal\u2026 O gesto \u00e9 contra quem? Isso n\u00e3o \u00e9 quebra de decoro? \u2013 perguntou mais um.<\/p>\n\n\n\n<figure class=\"wp-block-embed is-type-video is-provider-youtube wp-block-embed-youtube wp-embed-aspect-16-9 wp-has-aspect-ratio\"><div class=\"wp-block-embed__wrapper\">\n<iframe loading=\"lazy\" title=\"MORAES faz gesto de &quot;DEGOLAR&quot;\" width=\"630\" height=\"354\" src=\"https:\/\/www.youtube.com\/embed\/vjRVqUVq1bQ?feature=oembed\" frameborder=\"0\" allow=\"accelerometer; autoplay; clipboard-write; encrypted-media; gyroscope; picture-in-picture\" allowfullscreen title=\"MORAES faz gesto de \"DEGOLAR\"\"><\/iframe>\n<\/div><\/figure>\n","protected":false},"excerpt":{"rendered":"<p>Um gesto feito pelo ministro Alexandre de Moraes durante sess\u00e3o nesta ter\u00e7a-feira (27) virou alvo de cr\u00edticas nas redes sociais e levou o nome do magistrado aos assuntos mais comentados do Twitter nesta quarta (28). Na ocasi\u00e3o, a Corte avaliava se o presidente Jair Bolsonaro (PL) poderia ou n\u00e3o seguir fazendo suas tradicionais lives no [&hellip;]<\/p>\n","protected":false},"author":2,"featured_media":12641,"comment_status":"open","ping_status":"open","sticky":false,"template":"","format":"standard","meta":[],"categories":[10],"tags":[],"_links":{"self":[{"href":"https:\/\/dgospel.com.br\/portal\/index.php\/wp-json\/wp\/v2\/posts\/12640"}],"collection":[{"href":"https:\/\/dgospel.com.br\/portal\/index.php\/wp-json\/wp\/v2\/posts"}],"about":[{"href":"https:\/\/dgospel.com.br\/portal\/index.php\/wp-json\/wp\/v2\/types\/post"}],"author":[{"embeddable":true,"href":"https:\/\/dgospel.com.br\/portal\/index.php\/wp-json\/wp\/v2\/users\/2"}],"replies":[{"embeddable":true,"href":"https:\/\/dgospel.com.br\/portal\/index.php\/wp-json\/wp\/v2\/comments?post=12640"}],"version-history":[{"count":1,"href":"https:\/\/dgospel.com.br\/portal\/index.php\/wp-json\/wp\/v2\/posts\/12640\/revisions"}],"predecessor-version":[{"id":12642,"href":"https:\/\/dgospel.com.br\/portal\/index.php\/wp-json\/wp\/v2\/posts\/12640\/revisions\/12642"}],"wp:featuredmedia":[{"embeddable":true,"href":"https:\/\/dgospel.com.br\/portal\/index.php\/wp-json\/wp\/v2\/media\/12641"}],"wp:attachment":[{"href":"https:\/\/dgospel.com.br\/portal\/index.php\/wp-json\/wp\/v2\/media?parent=12640"}],"wp:term":[{"taxonomy":"category","embeddable":true,"href":"https:\/\/dgospel.com.br\/portal\/index.php\/wp-json\/wp\/v2\/categories?post=12640"},{"taxonomy":"post_tag","embeddable":true,"href":"https:\/\/dgospel.com.br\/portal\/index.php\/wp-json\/wp\/v2\/tags?post=12640"}],"curies":[{"name":"wp","href":"https:\/\/api.w.org\/{rel}","templated":true}]}}