{"id":12643,"date":"2022-09-28T23:11:46","date_gmt":"2022-09-29T02:11:46","guid":{"rendered":"http:\/\/dgospel.com.br\/portal\/?p=12643"},"modified":"2022-09-28T23:11:48","modified_gmt":"2022-09-29T02:11:48","slug":"marco-aurelio-mello-votar-no-lula-seria-trair-minha-trajetoria","status":"publish","type":"post","link":"https:\/\/dgospel.com.br\/portal\/index.php\/2022\/09\/28\/marco-aurelio-mello-votar-no-lula-seria-trair-minha-trajetoria\/","title":{"rendered":"Marco Aur\u00e9lio Mello: Votar no Lula seria trair minha trajet\u00f3ria"},"content":{"rendered":"\n<p>O ex-ministro do Supremo Tribunal Federal (STF) Marco Aur\u00e9lio Mello revelou suas pretens\u00f5es de voto nestas elei\u00e7\u00f5es presidenciais. Mello manteve a declara\u00e7\u00e3o de voto no presidente Jair Bolsonaro (PL) em um eventual segundo turno contra Luiz In\u00e1cio Lula da Silva (PT). Ao UOL News, o ex-juiz afirmou que n\u00e3o vota mais no petista.<\/p>\n\n\n\n<p>\u2013 N\u00e3o poderia votar em um candidato, muito embora tenha o feito no passado, que foi condenado em processos-crime quatro vezes, por crime contra a administra\u00e7\u00e3o p\u00fablica. Eu estaria traindo minha trajet\u00f3ria como juiz atuante em colegiado \u2013 afirmou.<\/p>\n\n\n\n<p>O candidato do Partido dos Trabalhadores foi condenado por corrup\u00e7\u00e3o e lavagem de dinheiro pela opera\u00e7\u00e3o Lava Jato, mas teve as condena\u00e7\u00f5es anuladas ap\u00f3s o STF entender que os processos deveriam ter sido julgados em outra jurisdi\u00e7\u00e3o. Marco Aur\u00e9lio foi um dos ministros que se op\u00f4s \u00e0 decis\u00e3o, al\u00e9m de Luiz Fux e Kassio Nunes Marques.<\/p>\n","protected":false},"excerpt":{"rendered":"<p>O ex-ministro do Supremo Tribunal Federal (STF) Marco Aur\u00e9lio Mello revelou suas pretens\u00f5es de voto nestas elei\u00e7\u00f5es presidenciais. Mello manteve a declara\u00e7\u00e3o de voto no presidente Jair Bolsonaro (PL) em um eventual segundo turno contra Luiz In\u00e1cio Lula da Silva (PT). Ao UOL News, o ex-juiz afirmou que n\u00e3o vota mais no petista. \u2013 N\u00e3o [&hellip;]<\/p>\n","protected":false},"author":2,"featured_media":12644,"comment_status":"open","ping_status":"open","sticky":false,"template":"","format":"standard","meta":[],"categories":[4],"tags":[13],"_links":{"self":[{"href":"https:\/\/dgospel.com.br\/portal\/index.php\/wp-json\/wp\/v2\/posts\/12643"}],"collection":[{"href":"https:\/\/dgospel.com.br\/portal\/index.php\/wp-json\/wp\/v2\/posts"}],"about":[{"href":"https:\/\/dgospel.com.br\/portal\/index.php\/wp-json\/wp\/v2\/types\/post"}],"author":[{"embeddable":true,"href":"https:\/\/dgospel.com.br\/portal\/index.php\/wp-json\/wp\/v2\/users\/2"}],"replies":[{"embeddable":true,"href":"https:\/\/dgospel.com.br\/portal\/index.php\/wp-json\/wp\/v2\/comments?post=12643"}],"version-history":[{"count":1,"href":"https:\/\/dgospel.com.br\/portal\/index.php\/wp-json\/wp\/v2\/posts\/12643\/revisions"}],"predecessor-version":[{"id":12645,"href":"https:\/\/dgospel.com.br\/portal\/index.php\/wp-json\/wp\/v2\/posts\/12643\/revisions\/12645"}],"wp:featuredmedia":[{"embeddable":true,"href":"https:\/\/dgospel.com.br\/portal\/index.php\/wp-json\/wp\/v2\/media\/12644"}],"wp:attachment":[{"href":"https:\/\/dgospel.com.br\/portal\/index.php\/wp-json\/wp\/v2\/media?parent=12643"}],"wp:term":[{"taxonomy":"category","embeddable":true,"href":"https:\/\/dgospel.com.br\/portal\/index.php\/wp-json\/wp\/v2\/categories?post=12643"},{"taxonomy":"post_tag","embeddable":true,"href":"https:\/\/dgospel.com.br\/portal\/index.php\/wp-json\/wp\/v2\/tags?post=12643"}],"curies":[{"name":"wp","href":"https:\/\/api.w.org\/{rel}","templated":true}]}}