{"id":12653,"date":"2022-09-29T15:55:35","date_gmt":"2022-09-29T18:55:35","guid":{"rendered":"http:\/\/dgospel.com.br\/portal\/?p=12653"},"modified":"2022-09-29T15:55:36","modified_gmt":"2022-09-29T18:55:36","slug":"ortega-ditador-da-nicaragua-chama-igreja-de-ditadura","status":"publish","type":"post","link":"https:\/\/dgospel.com.br\/portal\/index.php\/2022\/09\/29\/ortega-ditador-da-nicaragua-chama-igreja-de-ditadura\/","title":{"rendered":"Ortega, ditador da Nicar\u00e1gua, chama Igreja de \u201cditadura\u201d"},"content":{"rendered":"\n<p>O ditador da Nicar\u00e1gua, Daniel Ortega, usou um pronunciamento em rede nacional nesta quarta-feira (28) para definir a Igreja Cat\u00f3lica como uma ditadura.<\/p>\n\n\n\n<p>O pol\u00edtico vive uma escalada de tens\u00f5es com o Vaticano. O estopim mais recente foi a pris\u00e3o do bispo Rolando \u00c1lvarez, que motivou um apelo do papa Francisco por um di\u00e1logo aberto e sincero com Man\u00e1gua.<\/p>\n\n\n\n<p>\u2013 Tudo (na Igreja) \u00e9 imposto. \u00c9 uma ditadura perfeita, uma tirania perfeita. Quem elege os padres, os bispos, quem elege o papa? Com quantos votos, de quem? Se querem ser democr\u00e1ticos, que comecem a eleger o papa, os cardeais, os bispos, com o voto de todos os cat\u00f3licos \u2013 disse o ditador.<\/p>\n\n\n\n<p>Ortega voltou a rotular religiosos de assassinos e golpistas pelo apoio que supostamente foi dado a partir dos templos a protestos da oposi\u00e7\u00e3o em 2018.<\/p>\n\n\n\n<p>\u2013 Manifestantes sa\u00edam das igrejas \u2013 nem todos \u2013 armados, para lan\u00e7ar ataques contra as delegacias.<\/p>\n\n\n\n<p>Ortega n\u00e3o tem credenciais para exigir democracia. O pol\u00edtico est\u00e1 no poder de forma ininterrupta desde 2007, vencendo elei\u00e7\u00f5es de fachada. Nos seis meses anteriores \u00e0 \u00faltima vota\u00e7\u00e3o, em novembro passado, o regime prendeu, sob acusa\u00e7\u00f5es de lavagem de dinheiro e trai\u00e7\u00e3o \u00e0 p\u00e1tria, sete candidatos opositores.<\/p>\n\n\n\n<p>H\u00e1 ainda atr\u00e1s das grades mais de 30 outros pol\u00edticos e mais de 100 l\u00edderes sindicais e estudantis, jornalistas e ativistas, segundo a Comiss\u00e3o Interamericana de Direitos Humanos. Muitos t\u00eam sido condenados em julgamentos igualmente de fachada.<\/p>\n\n\n\n<p>Nos \u00faltimos anos, Ortega cancelou o registro dos dois principais blocos de oposi\u00e7\u00e3o, passando a dominar o Legislativo, e nomeou novos ju\u00edzes da Suprema Corte, viabilizando a aprova\u00e7\u00e3o de leis que estendem pris\u00f5es preventivas e o alcance das acusa\u00e7\u00f5es de trai\u00e7\u00e3o.<\/p>\n\n\n\n<figure class=\"wp-block-image\"><img src=\"https:\/\/static.cdn.pleno.news\/2022\/09\/8014667509001w-1024x636.jpg\" alt=\"\" class=\"wp-image-1017487\"\/><figcaption>Daniel Ortega&nbsp;Foto: EFE\/Jorge Torres<\/figcaption><\/figure>\n\n\n\n<p><strong>PERSEGUI\u00c7\u00c3O \u00c0 IMPRENSA<\/strong><br>A persegui\u00e7\u00e3o se estende \u00e0 produ\u00e7\u00e3o acad\u00eamica e \u00e0 imprensa. Recentemente, o principal jornal nicaraguense se viu obrigado a retirar de forma clandestina todos os seus funcion\u00e1rios do pa\u00eds. Na mesma \u00e9poca, sete r\u00e1dios cat\u00f3licas ligadas a um bispo cr\u00edtico ao ditador foram fechadas.<\/p>\n\n\n\n<p><strong>RELA\u00c7\u00c3O COM A IGREJA<\/strong><br>As rela\u00e7\u00f5es entre o regime e a igreja v\u00eam se deteriorando desde 2018, quando uma onda de protestos acabou com mais de 300 manifestantes mortos em confronto com as for\u00e7as de seguran\u00e7a e grupos paramilitares alinhados ao regime. Segundo o Observat\u00f3rio Pr\u00f3-Transpar\u00eancia e Anticorrup\u00e7\u00e3o, entre abril de 2018 e maio de 2022 houve ao menos 190 agress\u00f5es contra a Igreja Cat\u00f3lica na Nicar\u00e1gua.<\/p>\n\n\n\n<p>Em 1979, no come\u00e7o da Revolu\u00e7\u00e3o Sandinista, lideran\u00e7as cat\u00f3licas se associaram ao movimento, em oposi\u00e7\u00e3o \u00e0 ditadura da fam\u00edlia Somoza, que governava o pa\u00eds desde 1937. Na primeira junta do governo p\u00f3s-revolu\u00e7\u00e3o, que inclu\u00eda Ortega, havia quatro sacerdotes.<\/p>\n\n\n\n<p>Com a dissolu\u00e7\u00e3o do grupo, o apoio dos religiosos ao hoje l\u00edder do regime se dividiu. Ortega, que era ligado ao grupo mais progressista, se afastou totalmente dos cat\u00f3licos ap\u00f3s a onda de protestos contra seu governo em 2018.<\/p>\n\n\n\n<p>A mais recente onda de persegui\u00e7\u00e3o come\u00e7ou em mar\u00e7o, com a expuls\u00e3o do pa\u00eds de l\u00edderes religiosos cat\u00f3licos acusados de serem terroristas. O governo da Nicar\u00e1gua tamb\u00e9m prendeu padres e fechou igrejas e emissoras de r\u00e1dio ligadas aos cat\u00f3licos.<\/p>\n\n\n\n<p>*AE<\/p>\n","protected":false},"excerpt":{"rendered":"<p>O ditador da Nicar\u00e1gua, Daniel Ortega, usou um pronunciamento em rede nacional nesta quarta-feira (28) para definir a Igreja Cat\u00f3lica como uma ditadura. O pol\u00edtico vive uma escalada de tens\u00f5es com o Vaticano. O estopim mais recente foi a pris\u00e3o do bispo Rolando \u00c1lvarez, que motivou um apelo do papa Francisco por um di\u00e1logo aberto [&hellip;]<\/p>\n","protected":false},"author":2,"featured_media":12654,"comment_status":"open","ping_status":"open","sticky":false,"template":"","format":"standard","meta":[],"categories":[16],"tags":[],"_links":{"self":[{"href":"https:\/\/dgospel.com.br\/portal\/index.php\/wp-json\/wp\/v2\/posts\/12653"}],"collection":[{"href":"https:\/\/dgospel.com.br\/portal\/index.php\/wp-json\/wp\/v2\/posts"}],"about":[{"href":"https:\/\/dgospel.com.br\/portal\/index.php\/wp-json\/wp\/v2\/types\/post"}],"author":[{"embeddable":true,"href":"https:\/\/dgospel.com.br\/portal\/index.php\/wp-json\/wp\/v2\/users\/2"}],"replies":[{"embeddable":true,"href":"https:\/\/dgospel.com.br\/portal\/index.php\/wp-json\/wp\/v2\/comments?post=12653"}],"version-history":[{"count":1,"href":"https:\/\/dgospel.com.br\/portal\/index.php\/wp-json\/wp\/v2\/posts\/12653\/revisions"}],"predecessor-version":[{"id":12655,"href":"https:\/\/dgospel.com.br\/portal\/index.php\/wp-json\/wp\/v2\/posts\/12653\/revisions\/12655"}],"wp:featuredmedia":[{"embeddable":true,"href":"https:\/\/dgospel.com.br\/portal\/index.php\/wp-json\/wp\/v2\/media\/12654"}],"wp:attachment":[{"href":"https:\/\/dgospel.com.br\/portal\/index.php\/wp-json\/wp\/v2\/media?parent=12653"}],"wp:term":[{"taxonomy":"category","embeddable":true,"href":"https:\/\/dgospel.com.br\/portal\/index.php\/wp-json\/wp\/v2\/categories?post=12653"},{"taxonomy":"post_tag","embeddable":true,"href":"https:\/\/dgospel.com.br\/portal\/index.php\/wp-json\/wp\/v2\/tags?post=12653"}],"curies":[{"name":"wp","href":"https:\/\/api.w.org\/{rel}","templated":true}]}}