{"id":12674,"date":"2022-10-01T09:21:27","date_gmt":"2022-10-01T12:21:27","guid":{"rendered":"http:\/\/dgospel.com.br\/portal\/?p=12674"},"modified":"2022-10-01T09:21:28","modified_gmt":"2022-10-01T12:21:28","slug":"lula-seria-a-volta-a-um-passado-sombrio-e-complexo-diz-justus","status":"publish","type":"post","link":"https:\/\/dgospel.com.br\/portal\/index.php\/2022\/10\/01\/lula-seria-a-volta-a-um-passado-sombrio-e-complexo-diz-justus\/","title":{"rendered":"\u201cLula seria a volta a um passado sombrio e complexo\u201d, diz Justus"},"content":{"rendered":"\n<p>Em meio a manifesta\u00e7\u00f5es de artistas e pessoas p\u00fablicas sobre o voto na reta final das elei\u00e7\u00f5es 2022, Roberto Justus tamb\u00e9m se pronunciou. No entanto, al\u00e9m de dizer para quem ir\u00e1 seu voto, o empres\u00e1rio escolheu enfatizar qual candidato n\u00e3o ser\u00e1 o seu escolhido: o ex-presidente Luiz In\u00e1cio da Silva (PT).<\/p>\n\n\n\n<p>Em publica\u00e7\u00e3o no seu perfil do Instagram nesta quarta-feira (28), Justus negou que apoiaria o petista. As especula\u00e7\u00f5es se deram ap\u00f3s sua presen\u00e7a em um jantar em S\u00e3o Paulo nesta semana, promovido pelo Grupo Esfera Brasil, entre Lula e empres\u00e1rios.<\/p>\n\n\n\n<p>\u2013 Ontem estive em um jantar promovido por uma entidade apartid\u00e1ria. Esse grupo promoveu jantares com a maioria dos candidatos ao Planalto e ao Governo de S\u00e3o Paulo. Inclusive, com o presidente Jair Bolsonaro, nesse mesmo local. N\u00f3s empres\u00e1rios comparecemos a esses encontros com intuito de ouvir dos candidatos os seus projetos para o Brasil. Em nenhum momento a nossa presen\u00e7a significou apoio a nenhuma das candidaturas. Temos a obriga\u00e7\u00e3o e a preocupa\u00e7\u00e3o de entender a vis\u00e3o de todos eles, independentemente da nossa posi\u00e7\u00e3o pol\u00edtica e ideol\u00f3gica. Muitas pessoas entenderam equivocadamente que minha presen\u00e7a ontem seria um apoio ao candidato Lula. Que fique claro que isso n\u00e3o \u00e9 verdade \u2013 escreveu.<\/p>\n\n\n\n<figure class=\"wp-block-image\"><img src=\"https:\/\/static.cdn.pleno.news\/2022\/09\/Screenshot_1928-1024x621.png\" alt=\"\" class=\"wp-image-1020143\"\/><\/figure>\n\n\n\n<p>Em entrevista \u00e0 coluna F5, da Folha de S.Paulo, publicada nesta quinta (29), Justus afirmou que eleger Lula seria \u201cvolta a um passado sombrio e complexo\u201d.<\/p>\n\n\n\n<p>\u2013 Prefiro muito mais a continuidade do presidente [Jair Bolsonaro] \u2013 afirmou, apontando que Bolsonaro \u201cest\u00e1 mudando bastante o jeito dele\u201d.<\/p>\n\n\n\n<p>Em sua vis\u00e3o de empres\u00e1rio, Justus avalia de forma positiva a atual economia brasileira, citando o ministro da Economia Paulo Guedes.<\/p>\n\n\n\n<p>\u2013 Apesar da pandemia e a guerra na Ucr\u00e2nia, o Brasil est\u00e1 em um bom momento econ\u00f4mico. Meu voto vai para a continua\u00e7\u00e3o, mais quatro anos de Paulo Guedes para consertar de vez o Brasil \u2013 pontuou.<\/p>\n","protected":false},"excerpt":{"rendered":"<p>Em meio a manifesta\u00e7\u00f5es de artistas e pessoas p\u00fablicas sobre o voto na reta final das elei\u00e7\u00f5es 2022, Roberto Justus tamb\u00e9m se pronunciou. No entanto, al\u00e9m de dizer para quem ir\u00e1 seu voto, o empres\u00e1rio escolheu enfatizar qual candidato n\u00e3o ser\u00e1 o seu escolhido: o ex-presidente Luiz In\u00e1cio da Silva (PT). Em publica\u00e7\u00e3o no seu [&hellip;]<\/p>\n","protected":false},"author":2,"featured_media":12675,"comment_status":"open","ping_status":"open","sticky":false,"template":"","format":"standard","meta":[],"categories":[10],"tags":[],"_links":{"self":[{"href":"https:\/\/dgospel.com.br\/portal\/index.php\/wp-json\/wp\/v2\/posts\/12674"}],"collection":[{"href":"https:\/\/dgospel.com.br\/portal\/index.php\/wp-json\/wp\/v2\/posts"}],"about":[{"href":"https:\/\/dgospel.com.br\/portal\/index.php\/wp-json\/wp\/v2\/types\/post"}],"author":[{"embeddable":true,"href":"https:\/\/dgospel.com.br\/portal\/index.php\/wp-json\/wp\/v2\/users\/2"}],"replies":[{"embeddable":true,"href":"https:\/\/dgospel.com.br\/portal\/index.php\/wp-json\/wp\/v2\/comments?post=12674"}],"version-history":[{"count":1,"href":"https:\/\/dgospel.com.br\/portal\/index.php\/wp-json\/wp\/v2\/posts\/12674\/revisions"}],"predecessor-version":[{"id":12676,"href":"https:\/\/dgospel.com.br\/portal\/index.php\/wp-json\/wp\/v2\/posts\/12674\/revisions\/12676"}],"wp:featuredmedia":[{"embeddable":true,"href":"https:\/\/dgospel.com.br\/portal\/index.php\/wp-json\/wp\/v2\/media\/12675"}],"wp:attachment":[{"href":"https:\/\/dgospel.com.br\/portal\/index.php\/wp-json\/wp\/v2\/media?parent=12674"}],"wp:term":[{"taxonomy":"category","embeddable":true,"href":"https:\/\/dgospel.com.br\/portal\/index.php\/wp-json\/wp\/v2\/categories?post=12674"},{"taxonomy":"post_tag","embeddable":true,"href":"https:\/\/dgospel.com.br\/portal\/index.php\/wp-json\/wp\/v2\/tags?post=12674"}],"curies":[{"name":"wp","href":"https:\/\/api.w.org\/{rel}","templated":true}]}}