{"id":12677,"date":"2022-10-01T09:38:05","date_gmt":"2022-10-01T12:38:05","guid":{"rendered":"http:\/\/dgospel.com.br\/portal\/?p=12677"},"modified":"2022-10-01T09:38:06","modified_gmt":"2022-10-01T12:38:06","slug":"60-milhoes-video-de-neymar-em-apoio-a-bolsonaro-viraliza","status":"publish","type":"post","link":"https:\/\/dgospel.com.br\/portal\/index.php\/2022\/10\/01\/60-milhoes-video-de-neymar-em-apoio-a-bolsonaro-viraliza\/","title":{"rendered":"60 milh\u00f5es: V\u00eddeo de Neymar em apoio a Bolsonaro viraliza"},"content":{"rendered":"\n<p>O jogador Neymar Jr. publicou em seu TikTok, nesta quinta-feira (29), um v\u00eddeo em que ele declara seu apoio \u00e0 reelei\u00e7\u00e3o do presidente Jair Bolsonaro.<\/p>\n\n\n\n<p>Em 24 horas, o v\u00eddeo viralizou e teve mais de 46 milh\u00f5es de views tanto nas redes sociais do atacante do Paris Saint-Germain, quanto no do candidato \u00e0 Presid\u00eancia pelo Partido Liberal.<\/p>\n\n\n\n<p>Somente no Tiktok do jogador s\u00e3o 12 milh\u00f5es de visualiza\u00e7\u00f5es. O presidente Bolsonaro, que tamb\u00e9m tem um conta oficial no TikTok, conseguiu 7,5 milh\u00f5es de views ao reproduzir o v\u00eddeo de Neymar.<\/p>\n\n\n\n<p>J\u00e1 no Instagram do presidente, o n\u00famero se aproxima de 40 milh\u00f5es de visualiza\u00e7\u00f5es.<\/p>\n\n\n\n<p>Nenhum v\u00eddeo do candidato Lula (PT) atingiu uma marca t\u00e3o expressiva de visualiza\u00e7\u00f5es. Para se ter uma ideia, o v\u00eddeo de apoio da apresentadora Xuxa Meneghel ao petista tem apenas 6,8 milh\u00f5es de views.<\/p>\n\n\n\n<p>O apoio do jogador da Sele\u00e7\u00e3o Brasileira n\u00e3o foi bem recebido pela esquerda. Neymar foi duramente criticado nas redes sociais e precisou responder \u00e0s cr\u00edticas.<\/p>\n\n\n\n<p>\u2013 Falam em democracia e um mont\u00e3o de coisa, mas quando algu\u00e9m tem uma opini\u00e3o diferente \u00e9 atacado pelas pr\u00f3prias pessoas que falam em democracia. Vai entender \u2013 escreveu o atleta.<\/p>\n\n\n\n<p><a href=\"https:\/\/www.instagram.com\/plenonews\/?utm_source=ig_embed&amp;ig_rid=3bce3ce0-7e2e-44ac-9627-ceea33966cef\">https:\/\/www.instagram.com\/plenonews\/?utm_source=ig_embed&amp;ig_rid=3bce3ce0-7e2e-44ac-9627-ceea33966cef<\/a><\/p>\n","protected":false},"excerpt":{"rendered":"<p>O jogador Neymar Jr. publicou em seu TikTok, nesta quinta-feira (29), um v\u00eddeo em que ele declara seu apoio \u00e0 reelei\u00e7\u00e3o do presidente Jair Bolsonaro. Em 24 horas, o v\u00eddeo viralizou e teve mais de 46 milh\u00f5es de views tanto nas redes sociais do atacante do Paris Saint-Germain, quanto no do candidato \u00e0 Presid\u00eancia pelo [&hellip;]<\/p>\n","protected":false},"author":2,"featured_media":12678,"comment_status":"open","ping_status":"open","sticky":false,"template":"","format":"standard","meta":[],"categories":[10],"tags":[],"_links":{"self":[{"href":"https:\/\/dgospel.com.br\/portal\/index.php\/wp-json\/wp\/v2\/posts\/12677"}],"collection":[{"href":"https:\/\/dgospel.com.br\/portal\/index.php\/wp-json\/wp\/v2\/posts"}],"about":[{"href":"https:\/\/dgospel.com.br\/portal\/index.php\/wp-json\/wp\/v2\/types\/post"}],"author":[{"embeddable":true,"href":"https:\/\/dgospel.com.br\/portal\/index.php\/wp-json\/wp\/v2\/users\/2"}],"replies":[{"embeddable":true,"href":"https:\/\/dgospel.com.br\/portal\/index.php\/wp-json\/wp\/v2\/comments?post=12677"}],"version-history":[{"count":1,"href":"https:\/\/dgospel.com.br\/portal\/index.php\/wp-json\/wp\/v2\/posts\/12677\/revisions"}],"predecessor-version":[{"id":12679,"href":"https:\/\/dgospel.com.br\/portal\/index.php\/wp-json\/wp\/v2\/posts\/12677\/revisions\/12679"}],"wp:featuredmedia":[{"embeddable":true,"href":"https:\/\/dgospel.com.br\/portal\/index.php\/wp-json\/wp\/v2\/media\/12678"}],"wp:attachment":[{"href":"https:\/\/dgospel.com.br\/portal\/index.php\/wp-json\/wp\/v2\/media?parent=12677"}],"wp:term":[{"taxonomy":"category","embeddable":true,"href":"https:\/\/dgospel.com.br\/portal\/index.php\/wp-json\/wp\/v2\/categories?post=12677"},{"taxonomy":"post_tag","embeddable":true,"href":"https:\/\/dgospel.com.br\/portal\/index.php\/wp-json\/wp\/v2\/tags?post=12677"}],"curies":[{"name":"wp","href":"https:\/\/api.w.org\/{rel}","templated":true}]}}