{"id":12683,"date":"2022-10-02T23:48:28","date_gmt":"2022-10-03T02:48:28","guid":{"rendered":"http:\/\/dgospel.com.br\/portal\/?p=12683"},"modified":"2022-10-02T23:48:30","modified_gmt":"2022-10-03T02:48:30","slug":"lula-e-bolsonaro-vao-para-o-segundo-turno-e-disputa-ao-planalto-sera-definida-no-dia-30","status":"publish","type":"post","link":"https:\/\/dgospel.com.br\/portal\/index.php\/2022\/10\/02\/lula-e-bolsonaro-vao-para-o-segundo-turno-e-disputa-ao-planalto-sera-definida-no-dia-30\/","title":{"rendered":"Lula e Bolsonaro v\u00e3o para o segundo turno, e disputa ao Planalto ser\u00e1 definida no dia 30"},"content":{"rendered":"\n<p>Os candidatos Luiz In\u00e1cio&nbsp;<a href=\"https:\/\/g1.globo.com\/politica\/politico\/lula\/\">Lula<\/a>&nbsp;da Silva (<a href=\"https:\/\/g1.globo.com\/politica\/partido\/pt\/\">PT<\/a>) e&nbsp;<a href=\"https:\/\/g1.globo.com\/politica\/politico\/jair-bolsonaro\/\">Jair Bolsonaro<\/a>&nbsp;(PL) v\u00e3o disputar o segundo turno das elei\u00e7\u00f5es presidenciais.<\/p>\n\n\n\n<p>A confirma\u00e7\u00e3o de que haver\u00e1 segundo turno foi anunciada pelo Tribunal Superior Eleitoral (TSE) \u00e0s 21h25, quando 96,93% das urnas j\u00e1 tinham sido apuradas. \u00c0quela altura, Lula tinha 47,85% dos votos v\u00e1lidos, e Bolsonaro 43,7% .<\/p>\n\n\n\n<p>Com 100% das urnas apuradas, \u00e0s 22h47, Lula teve 48,31% dos votos v\u00e1lidos. Bolsonaro registrou 43,3%.<\/p>\n\n\n\n<p>Com o resultado, daqui a quatro semanas, no dia 30, eleitores de todo o pa\u00eds v\u00e3o definir entre a volta do PT \u2013 que governou o pa\u00eds por 14 anos, somando os governos Lula e&nbsp;<a href=\"https:\/\/g1.globo.com\/politica\/politico\/dilma\/\">Dilma Rousseff<\/a>&nbsp;\u2013 e a continuidade do governo Bolsonaro iniciado em 2018.<\/p>\n\n\n\n<p>O candidato eleito em segundo turno toma posse no cargo no pr\u00f3ximo dia 1\u00ba de janeiro, em cerim\u00f4nia no Congresso Nacional. Desta vez, o mandato presidencial ter\u00e1 quatro dias a mais: uma reforma eleitoral aprovada em 2021 definiu que, em 2027, a posse presidencial ser\u00e1 em 5 de janeiro.<\/p>\n\n\n\n<p><strong>Ritmo da apura\u00e7\u00e3o<\/strong><\/p>\n\n\n\n<p>Lula come\u00e7ou liderando assim que o TSE iniciou a apura\u00e7\u00e3o nas primeiras urnas. O candidato do PT perdeu a dianteira para Bolsonaro \u00e0s 17h13. Bolsonaro, ent\u00e3o, ficou na frente por quase duas horas. Ele voltou \u00e0 segunda posi\u00e7\u00e3o \u00e0s 20h02. Desde ent\u00e3o, o petista aumentou a diferen\u00e7a para o atual presidente.<\/p>\n\n\n\n<p>Ciro Gomes (PDT) apareceu em terceiro lugar entre 17h04 e 17h10, quando perdeu o posto para Simone Tebet (MDB).<\/p>\n","protected":false},"excerpt":{"rendered":"<p>Os candidatos Luiz In\u00e1cio&nbsp;Lula&nbsp;da Silva (PT) e&nbsp;Jair Bolsonaro&nbsp;(PL) v\u00e3o disputar o segundo turno das elei\u00e7\u00f5es presidenciais. A confirma\u00e7\u00e3o de que haver\u00e1 segundo turno foi anunciada pelo Tribunal Superior Eleitoral (TSE) \u00e0s 21h25, quando 96,93% das urnas j\u00e1 tinham sido apuradas. \u00c0quela altura, Lula tinha 47,85% dos votos v\u00e1lidos, e Bolsonaro 43,7% . Com 100% das [&hellip;]<\/p>\n","protected":false},"author":2,"featured_media":12684,"comment_status":"open","ping_status":"open","sticky":false,"template":"","format":"standard","meta":[],"categories":[4],"tags":[13],"_links":{"self":[{"href":"https:\/\/dgospel.com.br\/portal\/index.php\/wp-json\/wp\/v2\/posts\/12683"}],"collection":[{"href":"https:\/\/dgospel.com.br\/portal\/index.php\/wp-json\/wp\/v2\/posts"}],"about":[{"href":"https:\/\/dgospel.com.br\/portal\/index.php\/wp-json\/wp\/v2\/types\/post"}],"author":[{"embeddable":true,"href":"https:\/\/dgospel.com.br\/portal\/index.php\/wp-json\/wp\/v2\/users\/2"}],"replies":[{"embeddable":true,"href":"https:\/\/dgospel.com.br\/portal\/index.php\/wp-json\/wp\/v2\/comments?post=12683"}],"version-history":[{"count":1,"href":"https:\/\/dgospel.com.br\/portal\/index.php\/wp-json\/wp\/v2\/posts\/12683\/revisions"}],"predecessor-version":[{"id":12685,"href":"https:\/\/dgospel.com.br\/portal\/index.php\/wp-json\/wp\/v2\/posts\/12683\/revisions\/12685"}],"wp:featuredmedia":[{"embeddable":true,"href":"https:\/\/dgospel.com.br\/portal\/index.php\/wp-json\/wp\/v2\/media\/12684"}],"wp:attachment":[{"href":"https:\/\/dgospel.com.br\/portal\/index.php\/wp-json\/wp\/v2\/media?parent=12683"}],"wp:term":[{"taxonomy":"category","embeddable":true,"href":"https:\/\/dgospel.com.br\/portal\/index.php\/wp-json\/wp\/v2\/categories?post=12683"},{"taxonomy":"post_tag","embeddable":true,"href":"https:\/\/dgospel.com.br\/portal\/index.php\/wp-json\/wp\/v2\/tags?post=12683"}],"curies":[{"name":"wp","href":"https:\/\/api.w.org\/{rel}","templated":true}]}}