{"id":12689,"date":"2022-10-02T23:57:22","date_gmt":"2022-10-03T02:57:22","guid":{"rendered":"http:\/\/dgospel.com.br\/portal\/?p=12689"},"modified":"2022-10-02T23:57:23","modified_gmt":"2022-10-03T02:57:23","slug":"evangelico-nikolas-ferreira-e-o-deputado-federal-mais-bem-votado-em-mg","status":"publish","type":"post","link":"https:\/\/dgospel.com.br\/portal\/index.php\/2022\/10\/02\/evangelico-nikolas-ferreira-e-o-deputado-federal-mais-bem-votado-em-mg\/","title":{"rendered":"\u00a0Evang\u00e9lico, Nikolas Ferreira \u00e9 o deputado federal mais bem votado em MG"},"content":{"rendered":"\n<p>O \u00a0Evang\u00e9lico, Nikolas Ferreira (Partido Liberal) foi eleito como deputado federal por Minas Gerais neste domingo (2) com mais de 1,4 milh\u00e3o de votos, com apenas 94% das urnas apuradas.<\/p>\n\n\n\n<p>O jovem, que atualmente \u00e9 vereador em Belo Horizonte, tem seis vezes mais votos que o segundo deputado mais votado, Janones (Avante) que teve mais de 200 mil votos.<\/p>\n\n\n\n<p>Ferreira faz parte do grupo de aliados do presidente Jair Bolsonaro. Evang\u00e9lico, ele \u00e9 defensor dos valores da fam\u00edlia, da vida e da liberdade.<\/p>\n","protected":false},"excerpt":{"rendered":"<p>O \u00a0Evang\u00e9lico, Nikolas Ferreira (Partido Liberal) foi eleito como deputado federal por Minas Gerais neste domingo (2) com mais de 1,4 milh\u00e3o de votos, com apenas 94% das urnas apuradas. O jovem, que atualmente \u00e9 vereador em Belo Horizonte, tem seis vezes mais votos que o segundo deputado mais votado, Janones (Avante) que teve mais [&hellip;]<\/p>\n","protected":false},"author":2,"featured_media":12690,"comment_status":"open","ping_status":"open","sticky":false,"template":"","format":"standard","meta":[],"categories":[5],"tags":[],"_links":{"self":[{"href":"https:\/\/dgospel.com.br\/portal\/index.php\/wp-json\/wp\/v2\/posts\/12689"}],"collection":[{"href":"https:\/\/dgospel.com.br\/portal\/index.php\/wp-json\/wp\/v2\/posts"}],"about":[{"href":"https:\/\/dgospel.com.br\/portal\/index.php\/wp-json\/wp\/v2\/types\/post"}],"author":[{"embeddable":true,"href":"https:\/\/dgospel.com.br\/portal\/index.php\/wp-json\/wp\/v2\/users\/2"}],"replies":[{"embeddable":true,"href":"https:\/\/dgospel.com.br\/portal\/index.php\/wp-json\/wp\/v2\/comments?post=12689"}],"version-history":[{"count":1,"href":"https:\/\/dgospel.com.br\/portal\/index.php\/wp-json\/wp\/v2\/posts\/12689\/revisions"}],"predecessor-version":[{"id":12691,"href":"https:\/\/dgospel.com.br\/portal\/index.php\/wp-json\/wp\/v2\/posts\/12689\/revisions\/12691"}],"wp:featuredmedia":[{"embeddable":true,"href":"https:\/\/dgospel.com.br\/portal\/index.php\/wp-json\/wp\/v2\/media\/12690"}],"wp:attachment":[{"href":"https:\/\/dgospel.com.br\/portal\/index.php\/wp-json\/wp\/v2\/media?parent=12689"}],"wp:term":[{"taxonomy":"category","embeddable":true,"href":"https:\/\/dgospel.com.br\/portal\/index.php\/wp-json\/wp\/v2\/categories?post=12689"},{"taxonomy":"post_tag","embeddable":true,"href":"https:\/\/dgospel.com.br\/portal\/index.php\/wp-json\/wp\/v2\/tags?post=12689"}],"curies":[{"name":"wp","href":"https:\/\/api.w.org\/{rel}","templated":true}]}}