{"id":1269,"date":"2018-09-11T09:13:44","date_gmt":"2018-09-11T12:13:44","guid":{"rendered":"http:\/\/dgospel.com.br\/portal\/?p=1269"},"modified":"2018-09-11T09:13:44","modified_gmt":"2018-09-11T12:13:44","slug":"combater-a-pobreza-no-campo-e-prioridade-diz-halum-candidato-a-senador-no-bico-do-papagaio","status":"publish","type":"post","link":"https:\/\/dgospel.com.br\/portal\/index.php\/2018\/09\/11\/combater-a-pobreza-no-campo-e-prioridade-diz-halum-candidato-a-senador-no-bico-do-papagaio\/","title":{"rendered":"Combater \u00e0 pobreza no campo \u00e9 prioridade, diz Halum, candidato a senador, no Bico do Papagaio"},"content":{"rendered":"<p style=\"font-weight: 400;\">\u201cImplantar pol\u00edticas p\u00fablicas de fomento \u00e0 agricultura familiar para o aumento da produ\u00e7\u00e3o e abrir mercados comerciais \u00e9 uma de nossas prioridades no Senado Federal\u201d, garantiu C\u00e9sar Halum (PRB), candidato a senador da rep\u00fablica, pela coliga\u00e7\u00e3o \u201cGoverno de Atitude\u201d, durante reuni\u00e3o, em Augustin\u00f3polis, regi\u00e3o do Bico do Papagaio, no final de semana.<\/p>\n<p style=\"font-weight: 400;\">\n<p style=\"font-weight: 400;\">Halum, que por meio de emenda parlamentar, destinou mais de R$ 1,2 milh\u00e3o para compra de sementes de milho, feij\u00e3o e hortali\u00e7as para pequenos produtores do Tocantins, beneficiando 25 mil fam\u00edlias, disse que no Senado Federal ter\u00e1 a oportunidade de combater \u00e0 pobreza no campo. \u201cVamos viabilizar recursos para implantar o maior programa de distribui\u00e7\u00e3o de calc\u00e1rio do Tocantins. Pequenos e m\u00e9dios produtores, de Talism\u00e3 a Esperantina ser\u00e3o beneficiados\u201d, assumiu o parlamentar.<\/p>\n<p style=\"font-weight: 400;\">\n<p style=\"font-weight: 400;\">Ele, ainda destacou que sendo eleito encaminhar\u00e1 R$ 20 milh\u00f5es para a cria\u00e7\u00e3o de um programa de recupera\u00e7\u00e3o de solo com a distribui\u00e7\u00e3o de calc\u00e1rio. O candidato adiantou que grande parte das terras usadas para a agricultura est\u00e3o degradadas, devido ao mau uso do solo ou uso cont\u00ednuo de uma mesma \u00e1rea, al\u00e9m da acidez que \u00e9 caracter\u00edstica do cerrado. \u201cEsse produto vai auxiliar o pequeno produtor na corre\u00e7\u00e3o do solo, e, consequentemente, aumentar e melhorar a sua produ\u00e7\u00e3o\u201d, explicou.<\/p>\n<p style=\"font-weight: 400;\">\n<p style=\"font-weight: 400;\">C\u00e9sar Halum, que nesta segunda-feira,10, grava programas eleitorais e se re\u00fane com equipe de campanha, em Palmas, participou no \u00faltimo s\u00e1bado, 8, em Augustin\u00f3polis do lan\u00e7amento da campanha do deputado estadual, Am\u00e9lio Cayres, candidato \u00e0 reelei\u00e7\u00e3o. Tamb\u00e9m marcaram presen\u00e7a no evento o governador, Mauro Carlesse, o candidato a senador Eduardo Gomes e o prefeito de Augustin\u00f3polis, J\u00falio Oliveira, que apoia Halum.<\/p>\n<p style=\"font-weight: 400;\">\n<p style=\"font-weight: 400;\">\u201cHalum \u00e9 um parlamentar preparado tenho certeza que representar\u00e1 muito bem o Tocantins no Senado Federal. Ele est\u00e1 sempre presente e\u00a0\u00a0\u00a0atento as demandas do nosso munic\u00edpio e vai continuar enviando recursos para nossa cidade seguir se desenvolvendo\u201d, disse J\u00falio.<\/p>\n","protected":false},"excerpt":{"rendered":"<p>\u201cImplantar pol\u00edticas p\u00fablicas de fomento \u00e0 agricultura familiar para o aumento da produ\u00e7\u00e3o e abrir mercados comerciais \u00e9 uma de nossas prioridades no Senado Federal\u201d, garantiu C\u00e9sar Halum (PRB), candidato a senador da rep\u00fablica, pela coliga\u00e7\u00e3o \u201cGoverno de Atitude\u201d, durante reuni\u00e3o, em Augustin\u00f3polis, regi\u00e3o do Bico do Papagaio, no final de semana. Halum, que por [&hellip;]<\/p>\n","protected":false},"author":2,"featured_media":1270,"comment_status":"open","ping_status":"open","sticky":false,"template":"","format":"standard","meta":[],"categories":[2,4],"tags":[],"_links":{"self":[{"href":"https:\/\/dgospel.com.br\/portal\/index.php\/wp-json\/wp\/v2\/posts\/1269"}],"collection":[{"href":"https:\/\/dgospel.com.br\/portal\/index.php\/wp-json\/wp\/v2\/posts"}],"about":[{"href":"https:\/\/dgospel.com.br\/portal\/index.php\/wp-json\/wp\/v2\/types\/post"}],"author":[{"embeddable":true,"href":"https:\/\/dgospel.com.br\/portal\/index.php\/wp-json\/wp\/v2\/users\/2"}],"replies":[{"embeddable":true,"href":"https:\/\/dgospel.com.br\/portal\/index.php\/wp-json\/wp\/v2\/comments?post=1269"}],"version-history":[{"count":1,"href":"https:\/\/dgospel.com.br\/portal\/index.php\/wp-json\/wp\/v2\/posts\/1269\/revisions"}],"predecessor-version":[{"id":1271,"href":"https:\/\/dgospel.com.br\/portal\/index.php\/wp-json\/wp\/v2\/posts\/1269\/revisions\/1271"}],"wp:featuredmedia":[{"embeddable":true,"href":"https:\/\/dgospel.com.br\/portal\/index.php\/wp-json\/wp\/v2\/media\/1270"}],"wp:attachment":[{"href":"https:\/\/dgospel.com.br\/portal\/index.php\/wp-json\/wp\/v2\/media?parent=1269"}],"wp:term":[{"taxonomy":"category","embeddable":true,"href":"https:\/\/dgospel.com.br\/portal\/index.php\/wp-json\/wp\/v2\/categories?post=1269"},{"taxonomy":"post_tag","embeddable":true,"href":"https:\/\/dgospel.com.br\/portal\/index.php\/wp-json\/wp\/v2\/tags?post=1269"}],"curies":[{"name":"wp","href":"https:\/\/api.w.org\/{rel}","templated":true}]}}