{"id":12698,"date":"2022-10-03T00:16:09","date_gmt":"2022-10-03T03:16:09","guid":{"rendered":"http:\/\/dgospel.com.br\/portal\/?p=12698"},"modified":"2022-10-03T00:16:11","modified_gmt":"2022-10-03T03:16:11","slug":"pl-de-bolsonaro-elege-oito-senadores-e-tera-a-maior-bancada-do-senado-em-2023","status":"publish","type":"post","link":"https:\/\/dgospel.com.br\/portal\/index.php\/2022\/10\/03\/pl-de-bolsonaro-elege-oito-senadores-e-tera-a-maior-bancada-do-senado-em-2023\/","title":{"rendered":"PL de Bolsonaro elege oito senadores e ter\u00e1 a maior bancada do Senado em 2023"},"content":{"rendered":"\n<p>O&nbsp;<a href=\"https:\/\/g1.globo.com\/politica\/partido\/pl\/\">PL<\/a>, partido do presidente e candidato \u00e0 reelei\u00e7\u00e3o&nbsp;<a href=\"https:\/\/g1.globo.com\/politica\/politico\/jair-bolsonaro\/\">Jair Bolsonaro<\/a>, ter\u00e1 a maior bancada no&nbsp;<a href=\"https:\/\/g1.globo.com\/tudo-sobre\/senado-federal\/\">Senado Federal<\/a>&nbsp;ap\u00f3s as elei\u00e7\u00f5es gerais deste domingo.<\/p>\n\n\n\n<p>A sigla elegeu oito senadores \u2013 e, com isso, ocupar\u00e1 14 das 81 cadeiras do Senado na pr\u00f3xima legislatura, que come\u00e7a em 2023.<\/p>\n\n\n\n<p>Veja a lista de senadores que o PL elegeu neste domingo:<\/p>\n\n\n\n<ul><li>Esp\u00edrito Santo:\u00a0<a href=\"https:\/\/g1.globo.com\/es\/espirito-santo\/eleicoes\/2022\/noticia\/2022\/10\/02\/magno-malta-e-eleito-senador-pelo-es.ghtml\">Magno Malta<\/a><\/li><li>Goi\u00e1s:\u00a0<a href=\"https:\/\/g1.globo.com\/go\/goias\/eleicoes\/2022\/noticia\/2022\/10\/02\/wilder-morais-pl-e-eleito-senador-por-goias.ghtml\">Wilder Morais<\/a><\/li><li>Mato Grosso:\u00a0<a href=\"https:\/\/g1.globo.com\/mt\/mato-grosso\/eleicoes\/2022\/noticia\/2022\/10\/02\/wellington-fagundes-pl-e-eleito-senador-por-mato-grosso.ghtml\">Wellington Fagundes<\/a>\u00a0(reeleito)<\/li><li>Rio de Janeiro:\u00a0<a href=\"https:\/\/g1.globo.com\/rj\/rio-de-janeiro\/eleicoes\/2022\/noticia\/2022\/10\/02\/romario-e-reeleito-para-o-senado-pelo-rj.ghtml\">Rom\u00e1rio<\/a>\u00a0(reeleito)<\/li><li>Rio Grande do Norte:\u00a0<a href=\"https:\/\/g1.globo.com\/rn\/rio-grande-do-norte\/eleicoes\/2022\/noticia\/2022\/10\/02\/rogerio-marinho-pl-e-eleito-senador-pelo-rio-grande-do-norte.ghtml\">Rog\u00e9rio Marinho<\/a><\/li><li>Rond\u00f4nia:\u00a0<a href=\"https:\/\/g1.globo.com\/ro\/rondonia\/eleicoes\/2022\/noticia\/2022\/10\/02\/jaime-bagattoli-pl-e-eleito-senador-por-rondonia.ghtml\">Jaime Bagattoli<\/a><\/li><li>Santa Catarina:\u00a0<a href=\"https:\/\/g1.globo.com\/sc\/santa-catarina\/eleicoes\/2022\/noticia\/2022\/10\/02\/jorge-seif-do-pl-e-eleito-senador-em-sc.ghtml\">Jorge Seif<\/a><\/li><li>S\u00e3o Paulo:\u00a0<a href=\"https:\/\/g1.globo.com\/sp\/sao-paulo\/eleicoes\/2022\/noticia\/2022\/10\/02\/marcos-pontes-do-pl-e-eleito-senador-por-sp.ghtml\">Marcos Pontes<\/a><\/li><li>Al\u00e9m deles, seguem na bancada do PL no pr\u00f3ximo ano os senadores Carlos Portinho (PL-RJ); Carlos Viana (PL-MG); Fl\u00e1vio Bolsonaro (PL-RJ); Jorginho Mello (PL-SC); Marcos Rog\u00e9rio (PL-RO) e Zequinha Marinho (PL-PA).<\/li><li><\/li><\/ul>\n","protected":false},"excerpt":{"rendered":"<p>O&nbsp;PL, partido do presidente e candidato \u00e0 reelei\u00e7\u00e3o&nbsp;Jair Bolsonaro, ter\u00e1 a maior bancada no&nbsp;Senado Federal&nbsp;ap\u00f3s as elei\u00e7\u00f5es gerais deste domingo. A sigla elegeu oito senadores \u2013 e, com isso, ocupar\u00e1 14 das 81 cadeiras do Senado na pr\u00f3xima legislatura, que come\u00e7a em 2023. Veja a lista de senadores que o PL elegeu neste domingo: Esp\u00edrito [&hellip;]<\/p>\n","protected":false},"author":2,"featured_media":12699,"comment_status":"open","ping_status":"open","sticky":false,"template":"","format":"standard","meta":[],"categories":[8],"tags":[13],"_links":{"self":[{"href":"https:\/\/dgospel.com.br\/portal\/index.php\/wp-json\/wp\/v2\/posts\/12698"}],"collection":[{"href":"https:\/\/dgospel.com.br\/portal\/index.php\/wp-json\/wp\/v2\/posts"}],"about":[{"href":"https:\/\/dgospel.com.br\/portal\/index.php\/wp-json\/wp\/v2\/types\/post"}],"author":[{"embeddable":true,"href":"https:\/\/dgospel.com.br\/portal\/index.php\/wp-json\/wp\/v2\/users\/2"}],"replies":[{"embeddable":true,"href":"https:\/\/dgospel.com.br\/portal\/index.php\/wp-json\/wp\/v2\/comments?post=12698"}],"version-history":[{"count":1,"href":"https:\/\/dgospel.com.br\/portal\/index.php\/wp-json\/wp\/v2\/posts\/12698\/revisions"}],"predecessor-version":[{"id":12700,"href":"https:\/\/dgospel.com.br\/portal\/index.php\/wp-json\/wp\/v2\/posts\/12698\/revisions\/12700"}],"wp:featuredmedia":[{"embeddable":true,"href":"https:\/\/dgospel.com.br\/portal\/index.php\/wp-json\/wp\/v2\/media\/12699"}],"wp:attachment":[{"href":"https:\/\/dgospel.com.br\/portal\/index.php\/wp-json\/wp\/v2\/media?parent=12698"}],"wp:term":[{"taxonomy":"category","embeddable":true,"href":"https:\/\/dgospel.com.br\/portal\/index.php\/wp-json\/wp\/v2\/categories?post=12698"},{"taxonomy":"post_tag","embeddable":true,"href":"https:\/\/dgospel.com.br\/portal\/index.php\/wp-json\/wp\/v2\/tags?post=12698"}],"curies":[{"name":"wp","href":"https:\/\/api.w.org\/{rel}","templated":true}]}}