{"id":1272,"date":"2018-09-11T09:20:05","date_gmt":"2018-09-11T12:20:05","guid":{"rendered":"http:\/\/dgospel.com.br\/portal\/?p=1272"},"modified":"2018-09-11T09:20:05","modified_gmt":"2018-09-11T12:20:05","slug":"passando-as-eleicoes-ja-vamos-dar-inicio-as-obras-da-ponte-garante-carlesse-em-porto-nacional","status":"publish","type":"post","link":"https:\/\/dgospel.com.br\/portal\/index.php\/2018\/09\/11\/passando-as-eleicoes-ja-vamos-dar-inicio-as-obras-da-ponte-garante-carlesse-em-porto-nacional\/","title":{"rendered":"&#8220;Passando as elei\u00e7\u00f5es, j\u00e1 vamos dar in\u00edcio as obras da ponte&#8221;, garante Carlesse em Porto Nacional"},"content":{"rendered":"<div>Durante com\u00edcio realizado em Porto Nacional nesta segunda-feira, 10, o governador e candidato \u00e0 reelei\u00e7\u00e3o Mauro Carlesse (PHS), assumiu com os portuenses o compromisso de finalizar as obras da constru\u00e7\u00e3o da ponte sobre o rio Tocantins, na TO-225.<\/div>\n<div><\/div>\n<div>&#8220;Passando a elei\u00e7\u00e3o, j\u00e1 vamos dar in\u00edcio ao canteiro de obras da ponte de Porto Nacional e vamos gerar os empregos aqui. Isso j\u00e1 est\u00e1 definido, essa ser\u00e1 umas das grandes obras da minha gest\u00e3o&#8221;, garantiu Carlesse.<\/div>\n<div><\/div>\n<div>O governador tamb\u00e9m destacou o grande apoio que recebeu dos eleitores de Porto Nacional, durante a elei\u00e7\u00e3o suplementar em junho. No 2\u00ba turno da elei\u00e7\u00e3o suplementar, Mauro Carlesse teve uma expressiva vota\u00e7\u00e3o no munic\u00edpio, ficando com 70,99% dos votos v\u00e1lidos.<\/div>\n<div><\/div>\n<div>&#8220;Porto Nacional nos deu uma vota\u00e7\u00e3o expressiva na suplementar e agora as pesquisas mostram que ganharem aqui com uma grande margem de frente dos nossos concorrentes&#8221;, disse Carlesse.<\/div>\n<div><\/div>\n<div><b>Ponte de Porto Nacional<\/b><\/div>\n<div><\/div>\n<div>A constru\u00e7\u00e3o da nova ponte j\u00e1 em fase de libera\u00e7\u00e3o de recursos para in\u00edcio das obras, que ser\u00e3o financiadas por meio de opera\u00e7\u00e3o de cr\u00e9dito entre o Governo do Estado e a Caixa Econ\u00f4mica Federal (CEF), no valor de R$ 130 milh\u00f5es.<\/div>\n<div><\/div>\n<div>A ponte ter\u00e1 1.488 metros de extens\u00e3o, sendo 1.088 m de arma\u00e7\u00e3o de concreto e 400 metros de aterro. De acordo com informa\u00e7\u00f5es da Ageto, j\u00e1 foram realizadas todas as sondagens e concedidas as licen\u00e7as ambientais \u00e0 Rivoli do Brasil S.P.A, empresa ganhadora da licita\u00e7\u00e3o.<\/div>\n<div><\/div>\n<div><b>Presentes<\/b><\/div>\n<div><\/div>\n<div>Em Porto Nacional, Carlesse participou do lan\u00e7amento da campanha do deputado estadual e candidato \u00e0 reelei\u00e7\u00e3o Toinho Andrade (PHS). Estiveram presentes no evento, os candidatos ao Senado Federal da Coliga\u00e7\u00e3o Governo de Atitude, Eduardo Gomes (SD) e C\u00e9sar Hallum (PRB), al\u00e9m do candidato \u00e0 reelei\u00e7\u00e3o a deputado federal, Carlos Gaguim (DEM).<\/div>\n","protected":false},"excerpt":{"rendered":"<p>Durante com\u00edcio realizado em Porto Nacional nesta segunda-feira, 10, o governador e candidato \u00e0 reelei\u00e7\u00e3o Mauro Carlesse (PHS), assumiu com os portuenses o compromisso de finalizar as obras da constru\u00e7\u00e3o da ponte sobre o rio Tocantins, na TO-225. &#8220;Passando a elei\u00e7\u00e3o, j\u00e1 vamos dar in\u00edcio ao canteiro de obras da ponte de Porto Nacional e [&hellip;]<\/p>\n","protected":false},"author":2,"featured_media":1273,"comment_status":"open","ping_status":"open","sticky":false,"template":"","format":"standard","meta":[],"categories":[2,4],"tags":[],"_links":{"self":[{"href":"https:\/\/dgospel.com.br\/portal\/index.php\/wp-json\/wp\/v2\/posts\/1272"}],"collection":[{"href":"https:\/\/dgospel.com.br\/portal\/index.php\/wp-json\/wp\/v2\/posts"}],"about":[{"href":"https:\/\/dgospel.com.br\/portal\/index.php\/wp-json\/wp\/v2\/types\/post"}],"author":[{"embeddable":true,"href":"https:\/\/dgospel.com.br\/portal\/index.php\/wp-json\/wp\/v2\/users\/2"}],"replies":[{"embeddable":true,"href":"https:\/\/dgospel.com.br\/portal\/index.php\/wp-json\/wp\/v2\/comments?post=1272"}],"version-history":[{"count":1,"href":"https:\/\/dgospel.com.br\/portal\/index.php\/wp-json\/wp\/v2\/posts\/1272\/revisions"}],"predecessor-version":[{"id":1274,"href":"https:\/\/dgospel.com.br\/portal\/index.php\/wp-json\/wp\/v2\/posts\/1272\/revisions\/1274"}],"wp:featuredmedia":[{"embeddable":true,"href":"https:\/\/dgospel.com.br\/portal\/index.php\/wp-json\/wp\/v2\/media\/1273"}],"wp:attachment":[{"href":"https:\/\/dgospel.com.br\/portal\/index.php\/wp-json\/wp\/v2\/media?parent=1272"}],"wp:term":[{"taxonomy":"category","embeddable":true,"href":"https:\/\/dgospel.com.br\/portal\/index.php\/wp-json\/wp\/v2\/categories?post=1272"},{"taxonomy":"post_tag","embeddable":true,"href":"https:\/\/dgospel.com.br\/portal\/index.php\/wp-json\/wp\/v2\/tags?post=1272"}],"curies":[{"name":"wp","href":"https:\/\/api.w.org\/{rel}","templated":true}]}}