{"id":12722,"date":"2022-10-04T10:44:59","date_gmt":"2022-10-04T13:44:59","guid":{"rendered":"http:\/\/dgospel.com.br\/portal\/?p=12722"},"modified":"2022-10-04T10:45:00","modified_gmt":"2022-10-04T13:45:00","slug":"zema-anuncia-apoio-a-bolsonaro-no-segundo-turno-das-eleicoes","status":"publish","type":"post","link":"https:\/\/dgospel.com.br\/portal\/index.php\/2022\/10\/04\/zema-anuncia-apoio-a-bolsonaro-no-segundo-turno-das-eleicoes\/","title":{"rendered":"Zema anuncia apoio a Bolsonaro no segundo turno das elei\u00e7\u00f5es"},"content":{"rendered":"\n<p>O governador reeleito de Minas Gerais,&nbsp;<a href=\"http:\/\/pleno.news\/tag\/romeu-zema\" target=\"_blank\" rel=\"noreferrer noopener\">Romeu Zema<\/a>&nbsp;(Novo), anunciou na manh\u00e3 desta ter\u00e7a-feira (4) que apoiar\u00e1 a candidatura do presidente&nbsp;<a href=\"http:\/\/pleno.news\/tag\/jair-bolsonaro\" target=\"_blank\" rel=\"noreferrer noopener\">Jair Bolsonaro<\/a>&nbsp;(PL) no segundo turno da elei\u00e7\u00e3o presidencial. A informa\u00e7\u00e3o foi divulgada pelo chefe do Executivo mineiro ap\u00f3s uma reuni\u00e3o com Bolsonaro no Pal\u00e1cio da Alvorada, em Bras\u00edlia.<\/p>\n\n\n\n<p>\u2013 Momento em que o Brasil precisa caminhar pra frente. Acredito muito mais na proposta do presidente Bolsonaro do que na proposta do advers\u00e1rio [Lula] \u2013 declarou Zema.<\/p>\n\n\n\n<p>O governador mineiro tamb\u00e9m disse ter herdado uma \u201ctrag\u00e9dia\u201d do governo petista de Fernando Pimentel em Minas Gerais e que, por causa disso, decidiu ir a Bras\u00edlia declarar apoio ao atual presidente no segundo turno da disputa.<\/p>\n\n\n\n<p>O Novo, partido ao qual Zema \u00e9 filiado, emitiu um posicionamento no qual disse ser \u201ctotalmente contr\u00e1rio ao PT, ao lulismo e a tudo o que eles representam\u201d. J\u00e1 Bolsonaro, durante uma conversa com jornalistas da qual o governador de Minas Gerais tamb\u00e9m participou, agradeceu o apoio e afirmou que os dois sempre tiveram um \u201cdi\u00e1logo muito franco\u201d.<\/p>\n\n\n\n<p>\u2013 Nada tratado entre n\u00f3s visava outros interesses a n\u00e3o ser o futuro do estado e, da nossa parte, do Brasil. O governador Zema passou um breve filme do que foi a gest\u00e3o do PT para seu estado, e podemos dizer a mesma coisa sobre o Brasil \u2013 afirmou o presidente.<\/p>\n","protected":false},"excerpt":{"rendered":"<p>O governador reeleito de Minas Gerais,&nbsp;Romeu Zema&nbsp;(Novo), anunciou na manh\u00e3 desta ter\u00e7a-feira (4) que apoiar\u00e1 a candidatura do presidente&nbsp;Jair Bolsonaro&nbsp;(PL) no segundo turno da elei\u00e7\u00e3o presidencial. A informa\u00e7\u00e3o foi divulgada pelo chefe do Executivo mineiro ap\u00f3s uma reuni\u00e3o com Bolsonaro no Pal\u00e1cio da Alvorada, em Bras\u00edlia. \u2013 Momento em que o Brasil precisa caminhar pra [&hellip;]<\/p>\n","protected":false},"author":2,"featured_media":12723,"comment_status":"open","ping_status":"open","sticky":false,"template":"","format":"standard","meta":[],"categories":[4],"tags":[13],"_links":{"self":[{"href":"https:\/\/dgospel.com.br\/portal\/index.php\/wp-json\/wp\/v2\/posts\/12722"}],"collection":[{"href":"https:\/\/dgospel.com.br\/portal\/index.php\/wp-json\/wp\/v2\/posts"}],"about":[{"href":"https:\/\/dgospel.com.br\/portal\/index.php\/wp-json\/wp\/v2\/types\/post"}],"author":[{"embeddable":true,"href":"https:\/\/dgospel.com.br\/portal\/index.php\/wp-json\/wp\/v2\/users\/2"}],"replies":[{"embeddable":true,"href":"https:\/\/dgospel.com.br\/portal\/index.php\/wp-json\/wp\/v2\/comments?post=12722"}],"version-history":[{"count":1,"href":"https:\/\/dgospel.com.br\/portal\/index.php\/wp-json\/wp\/v2\/posts\/12722\/revisions"}],"predecessor-version":[{"id":12724,"href":"https:\/\/dgospel.com.br\/portal\/index.php\/wp-json\/wp\/v2\/posts\/12722\/revisions\/12724"}],"wp:featuredmedia":[{"embeddable":true,"href":"https:\/\/dgospel.com.br\/portal\/index.php\/wp-json\/wp\/v2\/media\/12723"}],"wp:attachment":[{"href":"https:\/\/dgospel.com.br\/portal\/index.php\/wp-json\/wp\/v2\/media?parent=12722"}],"wp:term":[{"taxonomy":"category","embeddable":true,"href":"https:\/\/dgospel.com.br\/portal\/index.php\/wp-json\/wp\/v2\/categories?post=12722"},{"taxonomy":"post_tag","embeddable":true,"href":"https:\/\/dgospel.com.br\/portal\/index.php\/wp-json\/wp\/v2\/tags?post=12722"}],"curies":[{"name":"wp","href":"https:\/\/api.w.org\/{rel}","templated":true}]}}